{"id":25552,"date":"2019-10-21T08:52:13","date_gmt":"2019-10-21T06:52:13","guid":{"rendered":"https:\/\/www.ce-illkirch.fr\/wordpress\/?p=25552"},"modified":"2023-07-06T13:12:32","modified_gmt":"2023-07-06T11:12:32","slug":"visite-du-parc-du-musee-wurth-et-du-jardin-canopterre","status":"publish","type":"post","link":"https:\/\/www.ce-illkirch.fr\/wordpress\/2019\/10\/ecologie\/visite-du-parc-du-musee-wurth-et-du-jardin-canopterre\/","title":{"rendered":"Visite du parc du mus\u00e9e W\u00fcrth et du jardin Canop&rsquo;Terre"},"content":{"rendered":"<p><strong>De culture en culture&#8230; samedi<\/strong><strong> 26 octobre <\/strong>de 10h \u00e0 12h30 \u00e0 Erstein.<\/p>\n<p>Une matin\u00e9e, deux jardins\u00a0: regards crois\u00e9s sur la Culture\u2026.\u2026.Rendez-vous au mus\u00e9e \u00e0 10h puis transfert en voiture individuelle ou v\u00e9lo (5 mn). Le jardin de Canop&rsquo;Terre est un lieu d&rsquo;apprentissage et d&rsquo;exp\u00e9rimention de la permaculture et de l&rsquo;agro\u00e9cologie.<\/p>\n<p>Rendez-vous \u00e0 10h pr\u00e9cise au mus\u00e9e, Z.I Ouest, rue Georges Besse, 67150 ERSTEIN<\/p>\n<p><strong>Intervenant<\/strong>\u00a0: Bernard Pierr\u00e9 &#8211; Association <a href=\"https:\/\/canopterre.fr\/\">Canop\u2019Terre<\/a><br \/>\n<strong>Tarif <\/strong>: gratuit sur <a href=\"https:\/\/www.musee-wurth.fr\/pec-events\/visite-guidee-de-culture-en-culture-2\/1572084000\"><strong>Inscription<\/strong><\/a><\/p>\n","protected":false},"excerpt":{"rendered":"<p>De culture en culture&#8230; samedi 26 octobre de 10h \u00e0 12h30 \u00e0 Erstein. Une matin\u00e9e, deux jardins\u00a0: regards crois\u00e9s sur la Culture\u2026.\u2026.Rendez-vous au mus\u00e9e \u00e0 10h puis transfert en voiture [&hellip;]<\/p>\n","protected":false},"author":7,"featured_media":25554,"comment_status":"closed","ping_status":"open","sticky":false,"template":"","format":"standard","meta":{"footnotes":""},"categories":[10,16,18],"tags":[],"class_list":["post-25552","post","type-post","status-publish","format-standard","has-post-thumbnail","hentry","category-ecologie","category-loisirs","category-loisirs-sorties"],"publishpress_future_action":{"enabled":false,"date":"2026-05-10 19:01:50","action":"category","newStatus":"draft","terms":[],"taxonomy":"category","extraData":[]},"publishpress_future_workflow_manual_trigger":{"enabledWorkflows":[]},"_links":{"self":[{"href":"https:\/\/www.ce-illkirch.fr\/wordpress\/wp-json\/wp\/v2\/posts\/25552","targetHints":{"allow":["GET"]}}],"collection":[{"href":"https:\/\/www.ce-illkirch.fr\/wordpress\/wp-json\/wp\/v2\/posts"}],"about":[{"href":"https:\/\/www.ce-illkirch.fr\/wordpress\/wp-json\/wp\/v2\/types\/post"}],"author":[{"embeddable":true,"href":"https:\/\/www.ce-illkirch.fr\/wordpress\/wp-json\/wp\/v2\/users\/7"}],"replies":[{"embeddable":true,"href":"https:\/\/www.ce-illkirch.fr\/wordpress\/wp-json\/wp\/v2\/comments?post=25552"}],"version-history":[{"count":9,"href":"https:\/\/www.ce-illkirch.fr\/wordpress\/wp-json\/wp\/v2\/posts\/25552\/revisions"}],"predecessor-version":[{"id":26219,"href":"https:\/\/www.ce-illkirch.fr\/wordpress\/wp-json\/wp\/v2\/posts\/25552\/revisions\/26219"}],"wp:featuredmedia":[{"embeddable":true,"href":"https:\/\/www.ce-illkirch.fr\/wordpress\/wp-json\/wp\/v2\/media\/25554"}],"wp:attachment":[{"href":"https:\/\/www.ce-illkirch.fr\/wordpress\/wp-json\/wp\/v2\/media?parent=25552"}],"wp:term":[{"taxonomy":"category","embeddable":true,"href":"https:\/\/www.ce-illkirch.fr\/wordpress\/wp-json\/wp\/v2\/categories?post=25552"},{"taxonomy":"post_tag","embeddable":true,"href":"https:\/\/www.ce-illkirch.fr\/wordpress\/wp-json\/wp\/v2\/tags?post=25552"}],"curies":[{"name":"wp","href":"https:\/\/api.w.org\/{rel}","templated":true}]}}