{"id":25587,"date":"2019-07-23T22:35:30","date_gmt":"2019-07-23T20:35:30","guid":{"rendered":"https:\/\/www.ce-illkirch.fr\/wordpress\/?p=25587"},"modified":"2019-07-23T22:35:30","modified_gmt":"2019-07-23T20:35:30","slug":"au-cas-ou-vous-lauriez-loupe","status":"publish","type":"post","link":"https:\/\/www.ce-illkirch.fr\/wordpress\/2019\/07\/ecologie\/au-cas-ou-vous-lauriez-loupe\/","title":{"rendered":"Au cas o\u00f9 vous l&rsquo;auriez loup\u00e9&#8230;"},"content":{"rendered":"<div id=\"tweet-rich-content-label\" class=\"css-1dbjc4n r-156q2ks\" aria-labelledby=\"quote-tweet-label\">\n<div class=\"css-1dbjc4n\">\n<div class=\"css-1dbjc4n r-1panhkp r-9x6qib r-t23y2h r-1phboty r-rs99b7 r-1loqt21 r-1udh08x r-o7ynqc r-1j63xyz\">\n<div class=\"css-1dbjc4n r-uvzvve r-rull8r r-qklmqi\" aria-hidden=\"true\">\n<div class=\"css-1dbjc4n r-1pi2tsx r-1udh08x r-13qz1uu\">\n<div class=\"css-1dbjc4n r-1adg3ll r-1udh08x\">\n<div class=\"r-1p0dtai r-1pi2tsx r-1d2f490 r-u8s1d r-ipm5af r-13qz1uu\">\n<div class=\"css-1dbjc4n r-1p0dtai r-1mlwlqe r-1d2f490 r-1udh08x r-u8s1d r-zchlnj r-ipm5af r-417010\">\n<div class=\"css-901oao css-bfa6kz r-hkyrab r-1qd0xha r-a023e6 r-16dba41 r-ad9z0x r-bcqeeo r-qvutc0\" dir=\"auto\"><span class=\"css-901oao css-16my406 r-1qd0xha r-ad9z0x r-bcqeeo r-qvutc0\">VIDEO. \u00ab\u00a0Vous avez le devoir d&rsquo;\u00e9couter les scientifiques\u00a0\u00bb : revivez le discours de Greta Thunberg&#8230;<\/span><\/div>\n<\/div>\n<\/div>\n<\/div>\n<\/div>\n<\/div>\n<div class=\"css-1dbjc4n\">\n<div class=\"css-1dbjc4n r-16y2uox r-1wbh5a2 r-1777fci r-1mi0q7o r-utggzx r-m611by\">\n<div class=\"css-1dbjc4n r-zl2h9q\">\n<div class=\"css-901oao css-cens5h r-1re7ezh r-1qd0xha r-a023e6 r-16dba41 r-ad9z0x r-bcqeeo r-qvutc0\" dir=\"auto\"><span class=\"css-901oao css-16my406 r-1qd0xha r-ad9z0x r-bcqeeo r-qvutc0\">La jeune su\u00e9doise, dont la venue en France a \u00e9t\u00e9 tr\u00e8s critiqu\u00e9e, a livr\u00e9 un discours offensif devant l&rsquo;Assembl\u00e9e nationale.<\/span><\/div>\n<\/div>\n<\/div>\n<\/div>\n<\/div>\n<\/div>\n<\/div>\n<p><a class=\"css-4rbku5 css-18t94o4 r-6koalj r-16y2uox\" role=\"link\" href=\"https:\/\/t.co\/kxuNj6N2UF\" target=\"_blank\" rel=\"noopener noreferrer\" data-focusable=\"true\"><span class=\"css-901oao css-16my406 r-1qd0xha r-ad9z0x r-bcqeeo r-qvutc0\">francetvinfo.fr<\/span><\/a><\/p>\n","protected":false},"excerpt":{"rendered":"<p>VIDEO. \u00ab\u00a0Vous avez le devoir d&rsquo;\u00e9couter les scientifiques\u00a0\u00bb : revivez le discours de Greta Thunberg&#8230; La jeune su\u00e9doise, dont la venue en France a \u00e9t\u00e9 tr\u00e8s critiqu\u00e9e, a livr\u00e9 un [&hellip;]<\/p>\n","protected":false},"author":7,"featured_media":25588,"comment_status":"closed","ping_status":"open","sticky":false,"template":"","format":"standard","meta":{"footnotes":""},"categories":[10,35],"tags":[],"class_list":["post-25587","post","type-post","status-publish","format-standard","has-post-thumbnail","hentry","category-ecologie","category-top_a_la_une"],"publishpress_future_action":{"enabled":false,"date":"2026-05-07 15:55:32","action":"category","newStatus":"draft","terms":[],"taxonomy":"category","extraData":[]},"publishpress_future_workflow_manual_trigger":{"enabledWorkflows":[]},"_links":{"self":[{"href":"https:\/\/www.ce-illkirch.fr\/wordpress\/wp-json\/wp\/v2\/posts\/25587","targetHints":{"allow":["GET"]}}],"collection":[{"href":"https:\/\/www.ce-illkirch.fr\/wordpress\/wp-json\/wp\/v2\/posts"}],"about":[{"href":"https:\/\/www.ce-illkirch.fr\/wordpress\/wp-json\/wp\/v2\/types\/post"}],"author":[{"embeddable":true,"href":"https:\/\/www.ce-illkirch.fr\/wordpress\/wp-json\/wp\/v2\/users\/7"}],"replies":[{"embeddable":true,"href":"https:\/\/www.ce-illkirch.fr\/wordpress\/wp-json\/wp\/v2\/comments?post=25587"}],"version-history":[{"count":1,"href":"https:\/\/www.ce-illkirch.fr\/wordpress\/wp-json\/wp\/v2\/posts\/25587\/revisions"}],"predecessor-version":[{"id":25589,"href":"https:\/\/www.ce-illkirch.fr\/wordpress\/wp-json\/wp\/v2\/posts\/25587\/revisions\/25589"}],"wp:featuredmedia":[{"embeddable":true,"href":"https:\/\/www.ce-illkirch.fr\/wordpress\/wp-json\/wp\/v2\/media\/25588"}],"wp:attachment":[{"href":"https:\/\/www.ce-illkirch.fr\/wordpress\/wp-json\/wp\/v2\/media?parent=25587"}],"wp:term":[{"taxonomy":"category","embeddable":true,"href":"https:\/\/www.ce-illkirch.fr\/wordpress\/wp-json\/wp\/v2\/categories?post=25587"},{"taxonomy":"post_tag","embeddable":true,"href":"https:\/\/www.ce-illkirch.fr\/wordpress\/wp-json\/wp\/v2\/tags?post=25587"}],"curies":[{"name":"wp","href":"https:\/\/api.w.org\/{rel}","templated":true}]}}