{"id":25827,"date":"2019-10-31T10:30:11","date_gmt":"2019-10-31T09:30:11","guid":{"rendered":"https:\/\/www.ce-illkirch.fr\/wordpress\/?p=25827"},"modified":"2020-01-22T16:07:02","modified_gmt":"2020-01-22T15:07:02","slug":"billets-cine-ugc-opera-subventionnes-viva-lopera","status":"publish","type":"post","link":"https:\/\/www.ce-illkirch.fr\/wordpress\/2019\/10\/billet\/billets-cine-ugc-opera-subventionnes-viva-lopera\/","title":{"rendered":"Billets Cin\u00e9 UGC-Op\u00e9ra  &#8211; Viva l&rsquo;Op\u00e9ra"},"content":{"rendered":"<p>&nbsp;<\/p>\n<p>\u00e0 commander au CSE avant fin septembre : <strong>cartes Viva l&rsquo;Op\u00e9ra 19.25 \u20ac<\/strong> au lieu de 30 \u20ac &#8211; validit\u00e9 des billets 01\/21.<\/p>\n<p>charg\u00e9s sur une carte UGC (1 \u20ac)<\/p>\n<p><a href=\"https:\/\/www.ugc.fr\/vivalopera.html\">Site<\/a> UGC avec les s\u00e9ances<\/p>\n","protected":false},"excerpt":{"rendered":"<p>&nbsp; \u00e0 commander au CSE avant fin septembre : cartes Viva l&rsquo;Op\u00e9ra 19.25 \u20ac au lieu de 30 \u20ac &#8211; validit\u00e9 des billets 01\/21. charg\u00e9s sur une carte UGC (1 [&hellip;]<\/p>\n","protected":false},"author":2,"featured_media":25828,"comment_status":"closed","ping_status":"open","sticky":false,"template":"","format":"standard","meta":{"footnotes":""},"categories":[6,11,16,18],"tags":[],"class_list":["post-25827","post","type-post","status-publish","format-standard","has-post-thumbnail","hentry","category-billet","category-en-stock","category-loisirs","category-loisirs-sorties"],"publishpress_future_action":{"enabled":false,"date":"2026-05-07 17:55:21","action":"category","newStatus":"draft","terms":[],"taxonomy":"category","extraData":[]},"publishpress_future_workflow_manual_trigger":{"enabledWorkflows":[]},"_links":{"self":[{"href":"https:\/\/www.ce-illkirch.fr\/wordpress\/wp-json\/wp\/v2\/posts\/25827","targetHints":{"allow":["GET"]}}],"collection":[{"href":"https:\/\/www.ce-illkirch.fr\/wordpress\/wp-json\/wp\/v2\/posts"}],"about":[{"href":"https:\/\/www.ce-illkirch.fr\/wordpress\/wp-json\/wp\/v2\/types\/post"}],"author":[{"embeddable":true,"href":"https:\/\/www.ce-illkirch.fr\/wordpress\/wp-json\/wp\/v2\/users\/2"}],"replies":[{"embeddable":true,"href":"https:\/\/www.ce-illkirch.fr\/wordpress\/wp-json\/wp\/v2\/comments?post=25827"}],"version-history":[{"count":6,"href":"https:\/\/www.ce-illkirch.fr\/wordpress\/wp-json\/wp\/v2\/posts\/25827\/revisions"}],"predecessor-version":[{"id":26663,"href":"https:\/\/www.ce-illkirch.fr\/wordpress\/wp-json\/wp\/v2\/posts\/25827\/revisions\/26663"}],"wp:featuredmedia":[{"embeddable":true,"href":"https:\/\/www.ce-illkirch.fr\/wordpress\/wp-json\/wp\/v2\/media\/25828"}],"wp:attachment":[{"href":"https:\/\/www.ce-illkirch.fr\/wordpress\/wp-json\/wp\/v2\/media?parent=25827"}],"wp:term":[{"taxonomy":"category","embeddable":true,"href":"https:\/\/www.ce-illkirch.fr\/wordpress\/wp-json\/wp\/v2\/categories?post=25827"},{"taxonomy":"post_tag","embeddable":true,"href":"https:\/\/www.ce-illkirch.fr\/wordpress\/wp-json\/wp\/v2\/tags?post=25827"}],"curies":[{"name":"wp","href":"https:\/\/api.w.org\/{rel}","templated":true}]}}