{"id":26074,"date":"2022-05-04T14:52:52","date_gmt":"2022-05-04T12:52:52","guid":{"rendered":"https:\/\/www.ce-illkirch.fr\/wordpress\/?p=26074"},"modified":"2022-11-09T16:37:05","modified_gmt":"2022-11-09T15:37:05","slug":"rtt-boulangerie","status":"publish","type":"post","link":"https:\/\/www.ce-illkirch.fr\/wordpress\/2022\/05\/loisirs\/rtt-boulangerie\/","title":{"rendered":"RTT Boulangerie mai\/juin"},"content":{"rendered":"<p><strong>Apprendre \u00e0 faire son pain ou Pains Ap\u00e9ro &#8211; <a href=\"https:\/\/www.moulin-kircher.fr\/atelier-du-moulin\/\">dates et d\u00e9tails<\/a><br \/>\n<\/strong><\/p>\n<p>(journ\u00e9e 9h\/17h) au Moulin Kircher \u00e0 Ebersheim<br \/>\nTarif 90 \u20ac \/ Tarif subventionn\u00e9 45 \u20ac (ALE, conjoint, enfant \u2013 18 ans, Nokia)<br \/>\nInscriptions individuellement, subvention loisirs revers\u00e9e sur pr\u00e9sentation de facture et attestation de formation<\/p>\n","protected":false},"excerpt":{"rendered":"<p>Apprendre \u00e0 faire son pain ou Pains Ap\u00e9ro &#8211; dates et d\u00e9tails (journ\u00e9e 9h\/17h) au Moulin Kircher \u00e0 Ebersheim Tarif 90 \u20ac \/ Tarif subventionn\u00e9 45 \u20ac (ALE, conjoint, enfant [&hellip;]<\/p>\n","protected":false},"author":2,"featured_media":26077,"comment_status":"closed","ping_status":"open","sticky":false,"template":"","format":"standard","meta":{"footnotes":""},"categories":[16,28],"tags":[],"class_list":["post-26074","post","type-post","status-publish","format-standard","has-post-thumbnail","hentry","category-loisirs","category-rtt-formation"],"publishpress_future_action":{"enabled":false,"date":"2026-05-08 07:54:19","action":"category","newStatus":"draft","terms":[],"taxonomy":"category","extraData":[]},"publishpress_future_workflow_manual_trigger":{"enabledWorkflows":[]},"_links":{"self":[{"href":"https:\/\/www.ce-illkirch.fr\/wordpress\/wp-json\/wp\/v2\/posts\/26074","targetHints":{"allow":["GET"]}}],"collection":[{"href":"https:\/\/www.ce-illkirch.fr\/wordpress\/wp-json\/wp\/v2\/posts"}],"about":[{"href":"https:\/\/www.ce-illkirch.fr\/wordpress\/wp-json\/wp\/v2\/types\/post"}],"author":[{"embeddable":true,"href":"https:\/\/www.ce-illkirch.fr\/wordpress\/wp-json\/wp\/v2\/users\/2"}],"replies":[{"embeddable":true,"href":"https:\/\/www.ce-illkirch.fr\/wordpress\/wp-json\/wp\/v2\/comments?post=26074"}],"version-history":[{"count":9,"href":"https:\/\/www.ce-illkirch.fr\/wordpress\/wp-json\/wp\/v2\/posts\/26074\/revisions"}],"predecessor-version":[{"id":30323,"href":"https:\/\/www.ce-illkirch.fr\/wordpress\/wp-json\/wp\/v2\/posts\/26074\/revisions\/30323"}],"wp:featuredmedia":[{"embeddable":true,"href":"https:\/\/www.ce-illkirch.fr\/wordpress\/wp-json\/wp\/v2\/media\/26077"}],"wp:attachment":[{"href":"https:\/\/www.ce-illkirch.fr\/wordpress\/wp-json\/wp\/v2\/media?parent=26074"}],"wp:term":[{"taxonomy":"category","embeddable":true,"href":"https:\/\/www.ce-illkirch.fr\/wordpress\/wp-json\/wp\/v2\/categories?post=26074"},{"taxonomy":"post_tag","embeddable":true,"href":"https:\/\/www.ce-illkirch.fr\/wordpress\/wp-json\/wp\/v2\/tags?post=26074"}],"curies":[{"name":"wp","href":"https:\/\/api.w.org\/{rel}","templated":true}]}}