{"id":26208,"date":"2019-11-11T08:00:21","date_gmt":"2019-11-11T07:00:21","guid":{"rendered":"https:\/\/www.ce-illkirch.fr\/wordpress\/?p=26208"},"modified":"2019-12-02T17:45:48","modified_gmt":"2019-12-02T16:45:48","slug":"barometre-parlons-velo-des-villes-cyclables-2019-repondez-a-lenquete","status":"publish","type":"post","link":"https:\/\/www.ce-illkirch.fr\/wordpress\/2019\/11\/a-propos\/barometre-parlons-velo-des-villes-cyclables-2019-repondez-a-lenquete\/","title":{"rendered":"Barom\u00e8tre \u00ab\u00a0Parlons V\u00e9lo des villes cyclables 2019\u00a0\u00bb: r\u00e9pondez \u00e0 l&rsquo;enqu\u00eate :-)"},"content":{"rendered":"<p><strong>La FUB, F\u00e9d\u00e9ration fran\u00e7aise des usagers de la bicyclette, lance la seconde \u00e9dition de l\u2019enqu\u00eate nationale \u00ab\u00a0<\/strong><strong>Barom\u00e8tre Parlons v\u00e9lo des villes cyclables<\/strong><strong>\u00a02019 \u00bb<\/strong><\/p>\n<p>Vous pouvez participer et \u00e9valuer la cyclabilit\u00e9 de votre ville en r\u00e9pondant \u00e0 cette enqu\u00eate: <a href=\"https:\/\/barometre.parlons-velo.fr\/\">https:\/\/barometre.parlons-velo.fr\/<\/a><\/p>\n<p>L&rsquo;enqu\u00eate est ouverte jusqu&rsquo;au 30 novembre.<\/p>\n<p>Retrouvez toutes les infos dans le communiqu\u00e9 de presse: <a href=\"http:\/\/www.fub.fr\/presse\">www.fub.fr\/presse<\/a><\/p>\n<p>La Commission Transport<\/p>\n","protected":false},"excerpt":{"rendered":"<p>La FUB, F\u00e9d\u00e9ration fran\u00e7aise des usagers de la bicyclette, lance la seconde \u00e9dition de l\u2019enqu\u00eate nationale \u00ab\u00a0Barom\u00e8tre Parlons v\u00e9lo des villes cyclables\u00a02019 \u00bb Vous pouvez participer et \u00e9valuer la cyclabilit\u00e9 [&hellip;]<\/p>\n","protected":false},"author":4,"featured_media":26211,"comment_status":"closed","ping_status":"open","sticky":false,"template":"","format":"standard","meta":{"footnotes":""},"categories":[2,10,39],"tags":[],"class_list":["post-26208","post","type-post","status-publish","format-standard","has-post-thumbnail","hentry","category-a-propos","category-ecologie","category-transport"],"publishpress_future_action":{"enabled":false,"date":"2026-05-07 11:39:50","action":"category","newStatus":"draft","terms":[],"taxonomy":"category","extraData":[]},"publishpress_future_workflow_manual_trigger":{"enabledWorkflows":[]},"_links":{"self":[{"href":"https:\/\/www.ce-illkirch.fr\/wordpress\/wp-json\/wp\/v2\/posts\/26208","targetHints":{"allow":["GET"]}}],"collection":[{"href":"https:\/\/www.ce-illkirch.fr\/wordpress\/wp-json\/wp\/v2\/posts"}],"about":[{"href":"https:\/\/www.ce-illkirch.fr\/wordpress\/wp-json\/wp\/v2\/types\/post"}],"author":[{"embeddable":true,"href":"https:\/\/www.ce-illkirch.fr\/wordpress\/wp-json\/wp\/v2\/users\/4"}],"replies":[{"embeddable":true,"href":"https:\/\/www.ce-illkirch.fr\/wordpress\/wp-json\/wp\/v2\/comments?post=26208"}],"version-history":[{"count":4,"href":"https:\/\/www.ce-illkirch.fr\/wordpress\/wp-json\/wp\/v2\/posts\/26208\/revisions"}],"predecessor-version":[{"id":26305,"href":"https:\/\/www.ce-illkirch.fr\/wordpress\/wp-json\/wp\/v2\/posts\/26208\/revisions\/26305"}],"wp:featuredmedia":[{"embeddable":true,"href":"https:\/\/www.ce-illkirch.fr\/wordpress\/wp-json\/wp\/v2\/media\/26211"}],"wp:attachment":[{"href":"https:\/\/www.ce-illkirch.fr\/wordpress\/wp-json\/wp\/v2\/media?parent=26208"}],"wp:term":[{"taxonomy":"category","embeddable":true,"href":"https:\/\/www.ce-illkirch.fr\/wordpress\/wp-json\/wp\/v2\/categories?post=26208"},{"taxonomy":"post_tag","embeddable":true,"href":"https:\/\/www.ce-illkirch.fr\/wordpress\/wp-json\/wp\/v2\/tags?post=26208"}],"curies":[{"name":"wp","href":"https:\/\/api.w.org\/{rel}","templated":true}]}}