{"id":26323,"date":"2020-01-28T09:02:35","date_gmt":"2020-01-28T08:02:35","guid":{"rendered":"https:\/\/www.ce-illkirch.fr\/wordpress\/?p=26323"},"modified":"2020-02-03T10:17:53","modified_gmt":"2020-02-03T09:17:53","slug":"after-workfilm-apero","status":"publish","type":"post","link":"https:\/\/www.ce-illkirch.fr\/wordpress\/2020\/01\/bibliotheque\/after-workfilm-apero\/","title":{"rendered":"After Work &#8211; film &#8211; ap\u00e9ro 31\/01"},"content":{"rendered":"<p>Film \u00e0 18h30 suivi d&rsquo;un ap\u00e9ro dinatoire. <a href=\"https:\/\/framadate.org\/VMC2iFCHuYovvq5w\">Inscription<\/a> ici, ou \u00e0 la biblioth\u00e8que ou au CSE &#8211; places limit\u00e9es &#8211; acc\u00e8s gratuit<\/p>\n<p>R\u00e9sum\u00e9 : <em>La famille Chamodot est fantasque et inclassable. Bernard, le p\u00e8re, un peu doux-dingue, fait vivre tout le monde dans une caravane, et la m\u00e8re, Annie teint les cheveux de son fils \u00c9mile en blond, parce que, para\u00eet-il, il est plus beau comme \u00e7a !!! Quand Pauline, la fille du lyc\u00e9e dont \u00c9mile est amoureux, l\u2019invite \u00e0 Venise pour les vacances, l\u2019adolescent est fou de joie. Seul probl\u00e8me, et de taille, les parents d\u00e9cident de l\u2019accompagner avec leur caravane, pour un voyage aussi rocambolesque qu\u2019initiatique. \u00a0<\/em><\/p>\n<div class=\"meta-body-item meta-body-actor light\"><span class=\"ligth\">Avec<\/span> Beno\u00eet Poelvoorde, Val\u00e9rie Bonneton, Helie Thonnat<\/div>\n<p><a href=\"http:\/\/www.allocine.fr\/film\/fichefilm_gen_cfilm=241649.html\">Bande annonce<\/a><\/p>\n","protected":false},"excerpt":{"rendered":"<p>Film \u00e0 18h30 suivi d&rsquo;un ap\u00e9ro dinatoire. Inscription ici, ou \u00e0 la biblioth\u00e8que ou au CSE &#8211; places limit\u00e9es &#8211; acc\u00e8s gratuit R\u00e9sum\u00e9 : La famille Chamodot est fantasque et [&hellip;]<\/p>\n","protected":false},"author":2,"featured_media":26572,"comment_status":"closed","ping_status":"open","sticky":false,"template":"","format":"standard","meta":{"footnotes":""},"categories":[5,19],"tags":[],"class_list":["post-26323","post","type-post","status-publish","format-standard","has-post-thumbnail","hentry","category-bibliotheque","category-19"],"publishpress_future_action":{"enabled":false,"date":"2026-05-07 18:54:47","action":"category","newStatus":"draft","terms":[],"taxonomy":"category","extraData":[]},"publishpress_future_workflow_manual_trigger":{"enabledWorkflows":[]},"_links":{"self":[{"href":"https:\/\/www.ce-illkirch.fr\/wordpress\/wp-json\/wp\/v2\/posts\/26323","targetHints":{"allow":["GET"]}}],"collection":[{"href":"https:\/\/www.ce-illkirch.fr\/wordpress\/wp-json\/wp\/v2\/posts"}],"about":[{"href":"https:\/\/www.ce-illkirch.fr\/wordpress\/wp-json\/wp\/v2\/types\/post"}],"author":[{"embeddable":true,"href":"https:\/\/www.ce-illkirch.fr\/wordpress\/wp-json\/wp\/v2\/users\/2"}],"replies":[{"embeddable":true,"href":"https:\/\/www.ce-illkirch.fr\/wordpress\/wp-json\/wp\/v2\/comments?post=26323"}],"version-history":[{"count":7,"href":"https:\/\/www.ce-illkirch.fr\/wordpress\/wp-json\/wp\/v2\/posts\/26323\/revisions"}],"predecessor-version":[{"id":26618,"href":"https:\/\/www.ce-illkirch.fr\/wordpress\/wp-json\/wp\/v2\/posts\/26323\/revisions\/26618"}],"wp:featuredmedia":[{"embeddable":true,"href":"https:\/\/www.ce-illkirch.fr\/wordpress\/wp-json\/wp\/v2\/media\/26572"}],"wp:attachment":[{"href":"https:\/\/www.ce-illkirch.fr\/wordpress\/wp-json\/wp\/v2\/media?parent=26323"}],"wp:term":[{"taxonomy":"category","embeddable":true,"href":"https:\/\/www.ce-illkirch.fr\/wordpress\/wp-json\/wp\/v2\/categories?post=26323"},{"taxonomy":"post_tag","embeddable":true,"href":"https:\/\/www.ce-illkirch.fr\/wordpress\/wp-json\/wp\/v2\/tags?post=26323"}],"curies":[{"name":"wp","href":"https:\/\/api.w.org\/{rel}","templated":true}]}}