{"id":26444,"date":"2019-12-09T18:05:37","date_gmt":"2019-12-09T17:05:37","guid":{"rendered":"https:\/\/www.ce-illkirch.fr\/wordpress\/?p=26444"},"modified":"2019-12-16T10:29:31","modified_gmt":"2019-12-16T09:29:31","slug":"10-decembre-journee-internationale-des-droits-humains","status":"publish","type":"post","link":"https:\/\/www.ce-illkirch.fr\/wordpress\/2019\/12\/bibliotheque\/10-decembre-journee-internationale-des-droits-humains\/","title":{"rendered":"10 d\u00e9cembre, journ\u00e9e internationale des Droits humains"},"content":{"rendered":"<p>Comme chaque ann\u00e9e autour du 10 d\u00e9cembre, journ\u00e9e internationale des droits de l\u2019Homme, la campagne d&rsquo;<strong>Amnesty Internationa<\/strong>l <em>10 jours pour signer<\/em> vous donne le pouvoir de changer la vie de 10 personnes ou groupes de personnes en qu\u00eate de justice \u00e0 travers le monde ou dont les droits sont bafou\u00e9s.<\/p>\n<p>Rendez-vous <strong>toute la semaine \u00e0 la m\u00e9diath\u00e8que<\/strong> du CSE. Des <strong>cartes<\/strong> vous y attendent pour envoyer un message de soutien.<\/p>\n<p><strong>Cette ann\u00e9e nous nous mobilisons pour de jeunes d\u00e9fenseurs des droits humains<\/strong> <strong>:<\/strong><\/p>\n<ul>\n<li>Magai a \u00e9t\u00e9 condamn\u00e9 \u00e0 mort \u00e0 15 ans au Soudan du Sud<\/li>\n<li>Marinel lutte contre le d\u00e9r\u00e8glement climatique aux Philippines<\/li>\n<li>Sarah et Se\u00e1n risquent la prison pour avoir aid\u00e9 des personnes migrantes<\/li>\n<li>Les jeunes de Grassy Narrows au Canada demandent r\u00e9paration car la terre de leurs anc\u00eatres a \u00e9t\u00e9 pollu\u00e9e par une entreprise .<\/li>\n<\/ul>\n<p>Et 6 autres personnes ont besoin que vous vous mobilisiez pour elles\u00a0<strong>! <\/strong><\/p>\n<p>Vous pouvez aussi signer en ligne sur <a href=\"https:\/\/www.amnesty.fr\/10-jours-pour-signer\"><strong>https:\/\/www.amnesty.fr\/10-jours-pour-signer<\/strong><\/a><\/p>\n","protected":false},"excerpt":{"rendered":"<p>Comme chaque ann\u00e9e autour du 10 d\u00e9cembre, journ\u00e9e internationale des droits de l\u2019Homme, la campagne d&rsquo;Amnesty International 10 jours pour signer vous donne le pouvoir de changer la vie de [&hellip;]<\/p>\n","protected":false},"author":7,"featured_media":26445,"comment_status":"closed","ping_status":"open","sticky":false,"template":"","format":"standard","meta":{"footnotes":""},"categories":[5],"tags":[],"class_list":["post-26444","post","type-post","status-publish","format-standard","has-post-thumbnail","hentry","category-bibliotheque"],"publishpress_future_action":{"enabled":false,"date":"2026-05-10 18:52:19","action":"category","newStatus":"draft","terms":[],"taxonomy":"category","extraData":[]},"publishpress_future_workflow_manual_trigger":{"enabledWorkflows":[]},"_links":{"self":[{"href":"https:\/\/www.ce-illkirch.fr\/wordpress\/wp-json\/wp\/v2\/posts\/26444","targetHints":{"allow":["GET"]}}],"collection":[{"href":"https:\/\/www.ce-illkirch.fr\/wordpress\/wp-json\/wp\/v2\/posts"}],"about":[{"href":"https:\/\/www.ce-illkirch.fr\/wordpress\/wp-json\/wp\/v2\/types\/post"}],"author":[{"embeddable":true,"href":"https:\/\/www.ce-illkirch.fr\/wordpress\/wp-json\/wp\/v2\/users\/7"}],"replies":[{"embeddable":true,"href":"https:\/\/www.ce-illkirch.fr\/wordpress\/wp-json\/wp\/v2\/comments?post=26444"}],"version-history":[{"count":2,"href":"https:\/\/www.ce-illkirch.fr\/wordpress\/wp-json\/wp\/v2\/posts\/26444\/revisions"}],"predecessor-version":[{"id":26469,"href":"https:\/\/www.ce-illkirch.fr\/wordpress\/wp-json\/wp\/v2\/posts\/26444\/revisions\/26469"}],"wp:featuredmedia":[{"embeddable":true,"href":"https:\/\/www.ce-illkirch.fr\/wordpress\/wp-json\/wp\/v2\/media\/26445"}],"wp:attachment":[{"href":"https:\/\/www.ce-illkirch.fr\/wordpress\/wp-json\/wp\/v2\/media?parent=26444"}],"wp:term":[{"taxonomy":"category","embeddable":true,"href":"https:\/\/www.ce-illkirch.fr\/wordpress\/wp-json\/wp\/v2\/categories?post=26444"},{"taxonomy":"post_tag","embeddable":true,"href":"https:\/\/www.ce-illkirch.fr\/wordpress\/wp-json\/wp\/v2\/tags?post=26444"}],"curies":[{"name":"wp","href":"https:\/\/api.w.org\/{rel}","templated":true}]}}