{"id":26500,"date":"2019-12-13T11:30:17","date_gmt":"2019-12-13T10:30:17","guid":{"rendered":"https:\/\/www.ce-illkirch.fr\/wordpress\/?p=26500"},"modified":"2023-08-17T10:17:37","modified_gmt":"2023-08-17T08:17:37","slug":"reforme-100-sante-meilleure-prise-en-charge-protheses-dentaires-et-audio","status":"publish","type":"post","link":"https:\/\/www.ce-illkirch.fr\/wordpress\/2019\/12\/prestataires-de-services\/reforme-100-sante-meilleure-prise-en-charge-protheses-dentaires-et-audio\/","title":{"rendered":"R\u00e9forme 100% Sant\u00e9 : meilleure prise en charge proth\u00e8ses dentaires et audio"},"content":{"rendered":"<section class=\"paragraphes__item\">\n<div class=\"image-pad image-pad--classic\">\n<div class=\"wrap\">\n<div class=\"image-pad__body\">\n<div class=\"field field--name-field-body\">\n<div>\n<h3><strong>1<sup>er<\/sup> janvier 2020 : c<\/strong>&lsquo;est la date \u00e0 laquelle tous les contrats sant\u00e9 devront \u00eatre mis en conformit\u00e9<\/h3>\n<\/div>\n<\/div>\n<\/div>\n<\/div>\n<\/div>\n<\/section>\n<section class=\"paragraphes__item\">\n<div class=\"pad pad--left\">\n<div class=\"pad__body\">\n<div class=\"field field--name-field-body\">\n<p>Pour am\u00e9liorer l\u2019acc\u00e8s aux soins des Fran\u00e7ais, Malakoff M\u00e9d\u00e9ric Humanis d\u00e9ploie depuis avril 2019 la <strong>r\u00e9forme du \u00ab\u00a0100\u00a0%\u00a0sant\u00e9\u00a0\u00bb<\/strong>. Son objectif est de r\u00e9duire progressivement le reste \u00e0 charge des assur\u00e9s pour parvenir \u00e0 l\u2019horizon 2021 \u00e0 un reste \u00e0 charge nul sur une s\u00e9lection de lunettes, d\u2019aides auditives et de proth\u00e8ses dentaires apr\u00e8s intervention de l\u2019Assurance Maladie et des compl\u00e9mentaires sant\u00e9.<\/p>\n<\/div>\n<\/div>\n<\/div>\n<\/section>\n<section class=\"paragraphes__item\">\n<div class=\"pad pad--left\">\n<div class=\"pad__body\">\n<div class=\"field field--name-field-body\">\n<h3>Mieux comprendre la r\u00e9forme et ses enjeux<\/h3>\n<p>Parce que les Fran\u00e7ais renoncent encore trop souvent \u00e0 se soigner pour des raisons financi\u00e8res, la r\u00e9forme du \u00ab 100 % sant\u00e9 \u00bb permet de garantir l\u2019acc\u00e8s aux soins et aux \u00e9quipements en optique, en dentaire et en audioproth\u00e8se \u2013 trois postes co\u00fbteux \u00e0 fort reste \u00e0 charge.<\/p>\n<p><a href=\"https:\/\/solidarites-sante.gouv.fr\/IMG\/pdf\/181306_-_dp_-_100_sante.pdf\" target=\"_blank\" rel=\"noopener\">Dossier de presse du gouvernement<\/a><\/p>\n<\/div>\n<\/div>\n<\/div>\n<\/section>\n","protected":false},"excerpt":{"rendered":"<p>1er janvier 2020 : c&lsquo;est la date \u00e0 laquelle tous les contrats sant\u00e9 devront \u00eatre mis en conformit\u00e9 Pour am\u00e9liorer l\u2019acc\u00e8s aux soins des Fran\u00e7ais, Malakoff M\u00e9d\u00e9ric Humanis d\u00e9ploie depuis [&hellip;]<\/p>\n","protected":false},"author":7,"featured_media":26501,"comment_status":"closed","ping_status":"open","sticky":false,"template":"","format":"standard","meta":{"footnotes":""},"categories":[23,40],"tags":[],"class_list":["post-26500","post","type-post","status-publish","format-standard","has-post-thumbnail","hentry","category-prestataires-de-services","category-tresor"],"publishpress_future_action":{"enabled":false,"date":"2026-05-07 04:41:18","action":"category","newStatus":"draft","terms":[],"taxonomy":"category","extraData":[]},"publishpress_future_workflow_manual_trigger":{"enabledWorkflows":[]},"_links":{"self":[{"href":"https:\/\/www.ce-illkirch.fr\/wordpress\/wp-json\/wp\/v2\/posts\/26500","targetHints":{"allow":["GET"]}}],"collection":[{"href":"https:\/\/www.ce-illkirch.fr\/wordpress\/wp-json\/wp\/v2\/posts"}],"about":[{"href":"https:\/\/www.ce-illkirch.fr\/wordpress\/wp-json\/wp\/v2\/types\/post"}],"author":[{"embeddable":true,"href":"https:\/\/www.ce-illkirch.fr\/wordpress\/wp-json\/wp\/v2\/users\/7"}],"replies":[{"embeddable":true,"href":"https:\/\/www.ce-illkirch.fr\/wordpress\/wp-json\/wp\/v2\/comments?post=26500"}],"version-history":[{"count":2,"href":"https:\/\/www.ce-illkirch.fr\/wordpress\/wp-json\/wp\/v2\/posts\/26500\/revisions"}],"predecessor-version":[{"id":26580,"href":"https:\/\/www.ce-illkirch.fr\/wordpress\/wp-json\/wp\/v2\/posts\/26500\/revisions\/26580"}],"wp:featuredmedia":[{"embeddable":true,"href":"https:\/\/www.ce-illkirch.fr\/wordpress\/wp-json\/wp\/v2\/media\/26501"}],"wp:attachment":[{"href":"https:\/\/www.ce-illkirch.fr\/wordpress\/wp-json\/wp\/v2\/media?parent=26500"}],"wp:term":[{"taxonomy":"category","embeddable":true,"href":"https:\/\/www.ce-illkirch.fr\/wordpress\/wp-json\/wp\/v2\/categories?post=26500"},{"taxonomy":"post_tag","embeddable":true,"href":"https:\/\/www.ce-illkirch.fr\/wordpress\/wp-json\/wp\/v2\/tags?post=26500"}],"curies":[{"name":"wp","href":"https:\/\/api.w.org\/{rel}","templated":true}]}}