{"id":26545,"date":"2020-01-02T15:37:03","date_gmt":"2020-01-02T14:37:03","guid":{"rendered":"https:\/\/www.ce-illkirch.fr\/wordpress\/?p=26545"},"modified":"2023-08-17T10:17:27","modified_gmt":"2023-08-17T08:17:27","slug":"compostage-collectif-a-strasbourg","status":"publish","type":"post","link":"https:\/\/www.ce-illkirch.fr\/wordpress\/2020\/01\/ecologie\/compostage-collectif-a-strasbourg\/","title":{"rendered":"Compostage collectif \u00e0 Strasbourg"},"content":{"rendered":"<p>C&rsquo;est le moment de prendre de bonnes r\u00e9solutions pour all\u00e9ger sa poubelle de tout ce qui est compostable !<\/p>\n<p>En ville, le plus simple est de se rapprocher d&rsquo;un compost collectif. A Strasbourg, le <a href=\"http:\/\/clubrelaisjardinetcompostage.blogspot.com\"><strong>Club des relais Jardin et compostage<\/strong><\/a> tient une liste \u00e0 jour, consultable dans la lettre d&rsquo;information publi\u00e9e sur leur blog.<\/p>\n<p>Lieux ouverts au public :<\/p>\n<p><strong>Association des Habitants Bourse-Austerlitz-Krutenau :<\/strong><\/p>\n<p>Place Sainte Madeleine : Mardi de 18 h \u00e0 19 h d&rsquo;avril \u00e0 octobre, samedi de 11 h \u00e0 12 h 30 toute l&rsquo;ann\u00e9e. Contact et inscription : Ahbak.ahbak@laposte.net<\/p>\n<p><strong>COMPOSTRA : <\/strong>Contact et inscription : compostra@yahoo.fr<strong><br \/>\n<\/strong><\/p>\n<p>Place de la ZIEGELAU Neudorf : Samedi de 10h30 \u00e0 11h30<br \/>\nPasserelle DUCROT, 23 rue du G\u00e9n\u00e9ral Uhrich : lundi de 18 \u00e0 19h<br \/>\nPlace GOLBERY: jeudi de 18 \u00e0 19h<br \/>\nARES : samedi de 11 \u00e0 12h<br \/>\nWATTWILLER : samedi de 11 \u00e0 12h<br \/>\nPlace ARNOLD : Mardi de 18 \u00e0 19h et samedi de 11 \u00e0 12h<br \/>\nCit\u00e9 SPACH, 12 rue EDEL : mercredi de 18 \u00e0 19h<br \/>\nRue de ROTTERDAM : samedi de 10h30 \u00e0 11h30<br \/>\n\u00c9glise SAINT BERNARD : vendredi de 18 \u00e0 19h<\/p>\n<p><strong>Association du quartier de la Petite France : <\/strong><\/p>\n<p>Jardin partag\u00e9 rue des Lentilles : Samedi de 11 \u00e0 12h. Contact et inscription : asspetitefrance@laposte.net<\/p>\n<p><strong>Association Vert Bordeaux :<\/strong><\/p>\n<p>Place de Bordeaux : pas de jour d\u00e9termin\u00e9 (cl\u00e9 remise). Contact et inscription :<br \/>\nvertbordeaux@gmail.com ou <a href=\"http:\/\/www.facebook.com\/VertBordeaux\">http:\/\/www.facebook.com\/VertBordeaux<\/a><\/p>\n<p><strong>Association Envie de quartier<br \/>\n<\/strong><\/p>\n<p>Faubourg de Pierre, \u00e0 l\u2019angle du boulevard Cl\u00e9menceau et de la rue du Foss\u00e9 des Treize : pas de jour d\u00e9termin\u00e9 (cl\u00e9 remise). Contact et inscription : enviedequartier@gmail.com<\/p>\n","protected":false},"excerpt":{"rendered":"<p>C&rsquo;est le moment de prendre de bonnes r\u00e9solutions pour all\u00e9ger sa poubelle de tout ce qui est compostable ! En ville, le plus simple est de se rapprocher d&rsquo;un compost [&hellip;]<\/p>\n","protected":false},"author":7,"featured_media":26546,"comment_status":"closed","ping_status":"open","sticky":false,"template":"","format":"standard","meta":{"footnotes":""},"categories":[10,16,41],"tags":[],"class_list":["post-26545","post","type-post","status-publish","format-standard","has-post-thumbnail","hentry","category-ecologie","category-loisirs","category-trucs-et-astuces"],"publishpress_future_action":{"enabled":false,"date":"2026-05-07 03:19:21","action":"category","newStatus":"draft","terms":[],"taxonomy":"category","extraData":[]},"publishpress_future_workflow_manual_trigger":{"enabledWorkflows":[]},"_links":{"self":[{"href":"https:\/\/www.ce-illkirch.fr\/wordpress\/wp-json\/wp\/v2\/posts\/26545","targetHints":{"allow":["GET"]}}],"collection":[{"href":"https:\/\/www.ce-illkirch.fr\/wordpress\/wp-json\/wp\/v2\/posts"}],"about":[{"href":"https:\/\/www.ce-illkirch.fr\/wordpress\/wp-json\/wp\/v2\/types\/post"}],"author":[{"embeddable":true,"href":"https:\/\/www.ce-illkirch.fr\/wordpress\/wp-json\/wp\/v2\/users\/7"}],"replies":[{"embeddable":true,"href":"https:\/\/www.ce-illkirch.fr\/wordpress\/wp-json\/wp\/v2\/comments?post=26545"}],"version-history":[{"count":1,"href":"https:\/\/www.ce-illkirch.fr\/wordpress\/wp-json\/wp\/v2\/posts\/26545\/revisions"}],"predecessor-version":[{"id":26547,"href":"https:\/\/www.ce-illkirch.fr\/wordpress\/wp-json\/wp\/v2\/posts\/26545\/revisions\/26547"}],"wp:featuredmedia":[{"embeddable":true,"href":"https:\/\/www.ce-illkirch.fr\/wordpress\/wp-json\/wp\/v2\/media\/26546"}],"wp:attachment":[{"href":"https:\/\/www.ce-illkirch.fr\/wordpress\/wp-json\/wp\/v2\/media?parent=26545"}],"wp:term":[{"taxonomy":"category","embeddable":true,"href":"https:\/\/www.ce-illkirch.fr\/wordpress\/wp-json\/wp\/v2\/categories?post=26545"},{"taxonomy":"post_tag","embeddable":true,"href":"https:\/\/www.ce-illkirch.fr\/wordpress\/wp-json\/wp\/v2\/tags?post=26545"}],"curies":[{"name":"wp","href":"https:\/\/api.w.org\/{rel}","templated":true}]}}