{"id":26596,"date":"2020-01-08T13:20:38","date_gmt":"2020-01-08T12:20:38","guid":{"rendered":"https:\/\/www.ce-illkirch.fr\/wordpress\/?p=26596"},"modified":"2020-04-03T15:57:43","modified_gmt":"2020-04-03T13:57:43","slug":"si-vous-aimez-les-voyages","status":"publish","type":"post","link":"https:\/\/www.ce-illkirch.fr\/wordpress\/2020\/01\/a-propos\/si-vous-aimez-les-voyages\/","title":{"rendered":"Astuces pour bouger malin"},"content":{"rendered":"<p>Pour ceux qui souhaitent se d\u00e9placer seul ou en groupe, dans l\u2019Eurom\u00e9tropole ou dans le Bas-Rhin mais aussi dans le Grand Est voire en Allemagne, il existe de nombreux tarifs \u00ab\u00a0attractifs\u00a0\u00bb permettant de se d\u00e9placer en bus, tram, TER avec un nombre de voyages illimit\u00e9s.<\/p>\n<p>Un exemple\u00a0: ALSA+ 24h Individuel &#8211; EMS<\/p>\n<ul>\n<li>Co\u00fbt pour 1 personne dans l\u2019Eurom\u00e9tropole et tram \u00e0 Kehl\u00a0: achat CTS : 4,60 \u20ac \/ achat SNCF : 4,50 \u20ac<\/li>\n<li>Donne droit \u00e0 des voyages illimit\u00e9s dans l&rsquo;Eurom\u00e9tropole de Strasbourg\u00a0et \u00e0 destination de Kehl en :\n<ul>\n<li>Bus et trams CTS<\/li>\n<li>Cars Bas-Rhin Fluo Grand Est<\/li>\n<li>TER dans le p\u00e9rim\u00e8tre de\u00a0l&rsquo;Eurom\u00e9tropole<\/li>\n<\/ul>\n<\/li>\n<\/ul>\n<p>NDLR\u00a0: le tarif pour 3 personnes est de 6,90 \u20ac qui dit mieux\u00a0?<\/p>\n<p>Autre exemple\u00a0: journ\u00e9e dans les Vosges (Bas-Rhin) samedi, dimanche et jours f\u00e9ri\u00e9s<\/p>\n<ul>\n<li>Pass ALSA+ Groupe Journ\u00e9e Bas-Rhin<\/li>\n<li>Co\u00fbt : 24,20 \u20ac pour 5 personnes soit 4,84 \u20ac par personne<\/li>\n<li>Bornes et points de vente CTS ou guichets et automates SNCF<\/li>\n<li>Voyages illimit\u00e9s dans le Bas-Rhin : Saverne, Wissembourg, Fleckenstein, Hohwald, Mont Ste Odile, S\u00e9lestat, Ste Marie-aux-Mines&#8230;<\/li>\n<li>Donne droit \u00e0 des voyages illimit\u00e9s dans le Bas-Rhin en :\n<ul>\n<li>Bus et trams CTS<\/li>\n<li>Cars Bas-Rhin Fluo Grand Est<\/li>\n<li>TER<\/li>\n<\/ul>\n<\/li>\n<\/ul>\n<p>N\u2019h\u00e9sitez donc pas \u00e0 vous renseigner aupr\u00e8s de\u00a0:<\/p>\n<ul>\n<li>la CTS\u00a0: <a href=\"https:\/\/www.cts-strasbourg.eu\/fr\/\">https:\/\/www.cts-strasbourg.eu\/fr\/<\/a><\/li>\n<li>la CTBR\u00a0: <a href=\"https:\/\/www.ctbr67.fr\/\">https:\/\/www.ctbr67.fr\/<\/a><\/li>\n<li>la SNCF\u00a0: <a href=\"https:\/\/www.ter.sncf.com\/grand-est\">https:\/\/www.ter.sncf.com\/grand-est<\/a><\/li>\n<\/ul>\n<p>&nbsp;<\/p>\n<p>Et pour encore plus d\u2019informations rendez vous sur le site d\u2019ASTUS (<a href=\"https:\/\/astus67.fr\/\">https:\/\/astus67.fr\/<\/a>) , l\u2019ASsociation des usagers des Transports Urbains de l\u2019agglom\u00e9ration Strasbourgeoise qui \u0153uvre pour<\/p>\n<ul>\n<li>le droit au transport<\/li>\n<li>la S\u00e9curit\u00e9 routi\u00e8re<\/li>\n<li>la protection de l\u2019environnement<\/li>\n<li>le d\u00e9veloppement durable<\/li>\n<\/ul>\n","protected":false},"excerpt":{"rendered":"<p>Pour ceux qui souhaitent se d\u00e9placer seul ou en groupe, dans l\u2019Eurom\u00e9tropole ou dans le Bas-Rhin mais aussi dans le Grand Est voire en Allemagne, il existe de nombreux tarifs [&hellip;]<\/p>\n","protected":false},"author":4,"featured_media":26595,"comment_status":"closed","ping_status":"open","sticky":false,"template":"","format":"standard","meta":{"footnotes":""},"categories":[2,35,39],"tags":[],"class_list":["post-26596","post","type-post","status-publish","format-standard","has-post-thumbnail","hentry","category-a-propos","category-top_a_la_une","category-transport"],"publishpress_future_action":{"enabled":false,"date":"2026-05-07 11:38:27","action":"category","newStatus":"draft","terms":[],"taxonomy":"category","extraData":[]},"publishpress_future_workflow_manual_trigger":{"enabledWorkflows":[]},"_links":{"self":[{"href":"https:\/\/www.ce-illkirch.fr\/wordpress\/wp-json\/wp\/v2\/posts\/26596","targetHints":{"allow":["GET"]}}],"collection":[{"href":"https:\/\/www.ce-illkirch.fr\/wordpress\/wp-json\/wp\/v2\/posts"}],"about":[{"href":"https:\/\/www.ce-illkirch.fr\/wordpress\/wp-json\/wp\/v2\/types\/post"}],"author":[{"embeddable":true,"href":"https:\/\/www.ce-illkirch.fr\/wordpress\/wp-json\/wp\/v2\/users\/4"}],"replies":[{"embeddable":true,"href":"https:\/\/www.ce-illkirch.fr\/wordpress\/wp-json\/wp\/v2\/comments?post=26596"}],"version-history":[{"count":4,"href":"https:\/\/www.ce-illkirch.fr\/wordpress\/wp-json\/wp\/v2\/posts\/26596\/revisions"}],"predecessor-version":[{"id":26827,"href":"https:\/\/www.ce-illkirch.fr\/wordpress\/wp-json\/wp\/v2\/posts\/26596\/revisions\/26827"}],"wp:featuredmedia":[{"embeddable":true,"href":"https:\/\/www.ce-illkirch.fr\/wordpress\/wp-json\/wp\/v2\/media\/26595"}],"wp:attachment":[{"href":"https:\/\/www.ce-illkirch.fr\/wordpress\/wp-json\/wp\/v2\/media?parent=26596"}],"wp:term":[{"taxonomy":"category","embeddable":true,"href":"https:\/\/www.ce-illkirch.fr\/wordpress\/wp-json\/wp\/v2\/categories?post=26596"},{"taxonomy":"post_tag","embeddable":true,"href":"https:\/\/www.ce-illkirch.fr\/wordpress\/wp-json\/wp\/v2\/tags?post=26596"}],"curies":[{"name":"wp","href":"https:\/\/api.w.org\/{rel}","templated":true}]}}