{"id":26920,"date":"2020-03-13T16:07:27","date_gmt":"2020-03-13T15:07:27","guid":{"rendered":"https:\/\/www.ce-illkirch.fr\/wordpress\/?p=26920"},"modified":"2020-03-13T16:07:27","modified_gmt":"2020-03-13T15:07:27","slug":"spectacles-annules","status":"publish","type":"post","link":"https:\/\/www.ce-illkirch.fr\/wordpress\/2020\/03\/billet\/spectacles-annules\/","title":{"rendered":"Spectacles annul\u00e9s"},"content":{"rendered":"<p><strong>Coronavirus : R\u00e9percussions sur la tenue d&rsquo;\u00e9v\u00e9nements publics<\/strong><\/p>\n<p>La propagation du Covid-19 en France a des r\u00e9percussions sur la tenue d&rsquo;\u00e9v\u00e9nements publics.<\/p>\n<p>De ce fait de nombreux concerts et spectacles sont soit annul\u00e9s soit report\u00e9s \u00e0 une date ult\u00e9rieure.<\/p>\n<p>Si vous avez achet\u00e9 votre billet de concert via le CSE, merci de le d\u00e9poser pour le remboursement.<\/p>\n","protected":false},"excerpt":{"rendered":"<p>Coronavirus : R\u00e9percussions sur la tenue d&rsquo;\u00e9v\u00e9nements publics La propagation du Covid-19 en France a des r\u00e9percussions sur la tenue d&rsquo;\u00e9v\u00e9nements publics. De ce fait de nombreux concerts et spectacles [&hellip;]<\/p>\n","protected":false},"author":2,"featured_media":26921,"comment_status":"closed","ping_status":"open","sticky":false,"template":"","format":"standard","meta":{"footnotes":""},"categories":[6,9],"tags":[],"class_list":["post-26920","post","type-post","status-publish","format-standard","has-post-thumbnail","hentry","category-billet","category-concerts"],"publishpress_future_action":{"enabled":false,"date":"2026-05-07 10:54:53","action":"category","newStatus":"draft","terms":[],"taxonomy":"category","extraData":[]},"publishpress_future_workflow_manual_trigger":{"enabledWorkflows":[]},"_links":{"self":[{"href":"https:\/\/www.ce-illkirch.fr\/wordpress\/wp-json\/wp\/v2\/posts\/26920","targetHints":{"allow":["GET"]}}],"collection":[{"href":"https:\/\/www.ce-illkirch.fr\/wordpress\/wp-json\/wp\/v2\/posts"}],"about":[{"href":"https:\/\/www.ce-illkirch.fr\/wordpress\/wp-json\/wp\/v2\/types\/post"}],"author":[{"embeddable":true,"href":"https:\/\/www.ce-illkirch.fr\/wordpress\/wp-json\/wp\/v2\/users\/2"}],"replies":[{"embeddable":true,"href":"https:\/\/www.ce-illkirch.fr\/wordpress\/wp-json\/wp\/v2\/comments?post=26920"}],"version-history":[{"count":1,"href":"https:\/\/www.ce-illkirch.fr\/wordpress\/wp-json\/wp\/v2\/posts\/26920\/revisions"}],"predecessor-version":[{"id":26922,"href":"https:\/\/www.ce-illkirch.fr\/wordpress\/wp-json\/wp\/v2\/posts\/26920\/revisions\/26922"}],"wp:featuredmedia":[{"embeddable":true,"href":"https:\/\/www.ce-illkirch.fr\/wordpress\/wp-json\/wp\/v2\/media\/26921"}],"wp:attachment":[{"href":"https:\/\/www.ce-illkirch.fr\/wordpress\/wp-json\/wp\/v2\/media?parent=26920"}],"wp:term":[{"taxonomy":"category","embeddable":true,"href":"https:\/\/www.ce-illkirch.fr\/wordpress\/wp-json\/wp\/v2\/categories?post=26920"},{"taxonomy":"post_tag","embeddable":true,"href":"https:\/\/www.ce-illkirch.fr\/wordpress\/wp-json\/wp\/v2\/tags?post=26920"}],"curies":[{"name":"wp","href":"https:\/\/api.w.org\/{rel}","templated":true}]}}