{"id":26964,"date":"2020-03-23T22:13:54","date_gmt":"2020-03-23T21:13:54","guid":{"rendered":"https:\/\/www.ce-illkirch.fr\/wordpress\/?p=26964"},"modified":"2021-04-15T17:00:13","modified_gmt":"2021-04-15T15:00:13","slug":"avez-vous-des-masques-en-stock","status":"publish","type":"post","link":"https:\/\/www.ce-illkirch.fr\/wordpress\/2020\/03\/non-classe\/avez-vous-des-masques-en-stock\/","title":{"rendered":"Avez-vous des masques en stock ?"},"content":{"rendered":"<p>Chers coll\u00e8gues, comme vous le savez, les <strong>masques<\/strong> de protection manquent pour les soignants et pour tous les personnels ayant des contacts avec le public.<\/p>\n<p>Certains s&rsquo;en souviennent, lors de l&rsquo;\u00e9pid\u00e9mie H1N1, l&rsquo;entreprise avait distribu\u00e9 \u00e0 chaque salari\u00e9 un <strong>paquet de 50 masques<\/strong>. Certains les ont rang\u00e9s dans une armoire au bureau, d&rsquo;autres ont fini par les rapporter chez eux pour bricoler. Si vous pensez qu&rsquo;il en reste encore au bureau, merci de nous le signaler. Un salari\u00e9 sur site pourra les r\u00e9cup\u00e9rer.<\/p>\n<p>Et s&rsquo;il vous en reste \u00e0 la maison, pensez \u00e0 les donner, ils seront tr\u00e8s utiles \u00e0 ceux qui en manquent.<\/p>\n<p>D&rsquo;avance un grand merci, et&#8230; restez chez vous !<\/p>\n","protected":false},"excerpt":{"rendered":"<p>Chers coll\u00e8gues, comme vous le savez, les masques de protection manquent pour les soignants et pour tous les personnels ayant des contacts avec le public. Certains s&rsquo;en souviennent, lors de [&hellip;]<\/p>\n","protected":false},"author":7,"featured_media":26965,"comment_status":"closed","ping_status":"open","sticky":false,"template":"","format":"standard","meta":{"footnotes":""},"categories":[1],"tags":[],"class_list":["post-26964","post","type-post","status-publish","format-standard","has-post-thumbnail","hentry","category-non-classe"],"publishpress_future_action":{"enabled":false,"date":"2026-05-10 14:58:56","action":"category","newStatus":"draft","terms":[],"taxonomy":"category","extraData":[]},"publishpress_future_workflow_manual_trigger":{"enabledWorkflows":[]},"_links":{"self":[{"href":"https:\/\/www.ce-illkirch.fr\/wordpress\/wp-json\/wp\/v2\/posts\/26964","targetHints":{"allow":["GET"]}}],"collection":[{"href":"https:\/\/www.ce-illkirch.fr\/wordpress\/wp-json\/wp\/v2\/posts"}],"about":[{"href":"https:\/\/www.ce-illkirch.fr\/wordpress\/wp-json\/wp\/v2\/types\/post"}],"author":[{"embeddable":true,"href":"https:\/\/www.ce-illkirch.fr\/wordpress\/wp-json\/wp\/v2\/users\/7"}],"replies":[{"embeddable":true,"href":"https:\/\/www.ce-illkirch.fr\/wordpress\/wp-json\/wp\/v2\/comments?post=26964"}],"version-history":[{"count":1,"href":"https:\/\/www.ce-illkirch.fr\/wordpress\/wp-json\/wp\/v2\/posts\/26964\/revisions"}],"predecessor-version":[{"id":26966,"href":"https:\/\/www.ce-illkirch.fr\/wordpress\/wp-json\/wp\/v2\/posts\/26964\/revisions\/26966"}],"wp:featuredmedia":[{"embeddable":true,"href":"https:\/\/www.ce-illkirch.fr\/wordpress\/wp-json\/wp\/v2\/media\/26965"}],"wp:attachment":[{"href":"https:\/\/www.ce-illkirch.fr\/wordpress\/wp-json\/wp\/v2\/media?parent=26964"}],"wp:term":[{"taxonomy":"category","embeddable":true,"href":"https:\/\/www.ce-illkirch.fr\/wordpress\/wp-json\/wp\/v2\/categories?post=26964"},{"taxonomy":"post_tag","embeddable":true,"href":"https:\/\/www.ce-illkirch.fr\/wordpress\/wp-json\/wp\/v2\/tags?post=26964"}],"curies":[{"name":"wp","href":"https:\/\/api.w.org\/{rel}","templated":true}]}}