{"id":26984,"date":"2020-03-29T14:51:17","date_gmt":"2020-03-29T12:51:17","guid":{"rendered":"https:\/\/www.ce-illkirch.fr\/wordpress\/?p=26984"},"modified":"2023-08-17T10:16:57","modified_gmt":"2023-08-17T08:16:57","slug":"decouvrez-la-biodiversite-de-votre-jardin-et-aidez-la-science","status":"publish","type":"post","link":"https:\/\/www.ce-illkirch.fr\/wordpress\/2020\/03\/ecologie\/decouvrez-la-biodiversite-de-votre-jardin-et-aidez-la-science\/","title":{"rendered":"D\u00e9couvrez la biodiversit\u00e9 de votre jardin et aidez la science"},"content":{"rendered":"<p>Si vous \u00eates confin\u00e9 dans une maison avec jardin et que vous aimez les insectes, le projet <strong><a href=\"https:\/\/www.spipoll.org\/\">Spipoll <\/a><\/strong>(Suivi photographique des insectes pollinisateurs) vous encourage \u00e0 profiter de ce temps pour observer les insectes pollinisateurs et contribuer \u00e0 la recherche scientifique.<\/p>\n<p>D\u2019autres initiatives comme \u00ab\u00a0<strong>\u00c9couter le chant des oiseaux<\/strong>\u00ab\u00a0, ou \u00ab\u00a0<strong>Compter les papillons<\/strong>\u00a0\u00bb proposent \u00e9galement d\u2019observer la biodiversit\u00e9.<\/p>\n<p>A lire sur <a href=\"https:\/\/www.consoglobe.com\/confinement-observez-la-biodiversite-dans-votre-jardin-cg\">https:\/\/www.consoglobe.com\/confinement-observez-la-biodiversite-dans-votre-jardin-cg<\/a><\/p>\n","protected":false},"excerpt":{"rendered":"<p>Si vous \u00eates confin\u00e9 dans une maison avec jardin et que vous aimez les insectes, le projet Spipoll (Suivi photographique des insectes pollinisateurs) vous encourage \u00e0 profiter de ce temps [&hellip;]<\/p>\n","protected":false},"author":7,"featured_media":26985,"comment_status":"closed","ping_status":"open","sticky":false,"template":"","format":"standard","meta":{"footnotes":""},"categories":[10],"tags":[],"class_list":["post-26984","post","type-post","status-publish","format-standard","has-post-thumbnail","hentry","category-ecologie"],"publishpress_future_action":{"enabled":false,"date":"2026-05-09 11:22:49","action":"category","newStatus":"draft","terms":[],"taxonomy":"category","extraData":[]},"publishpress_future_workflow_manual_trigger":{"enabledWorkflows":[]},"_links":{"self":[{"href":"https:\/\/www.ce-illkirch.fr\/wordpress\/wp-json\/wp\/v2\/posts\/26984","targetHints":{"allow":["GET"]}}],"collection":[{"href":"https:\/\/www.ce-illkirch.fr\/wordpress\/wp-json\/wp\/v2\/posts"}],"about":[{"href":"https:\/\/www.ce-illkirch.fr\/wordpress\/wp-json\/wp\/v2\/types\/post"}],"author":[{"embeddable":true,"href":"https:\/\/www.ce-illkirch.fr\/wordpress\/wp-json\/wp\/v2\/users\/7"}],"replies":[{"embeddable":true,"href":"https:\/\/www.ce-illkirch.fr\/wordpress\/wp-json\/wp\/v2\/comments?post=26984"}],"version-history":[{"count":3,"href":"https:\/\/www.ce-illkirch.fr\/wordpress\/wp-json\/wp\/v2\/posts\/26984\/revisions"}],"predecessor-version":[{"id":26988,"href":"https:\/\/www.ce-illkirch.fr\/wordpress\/wp-json\/wp\/v2\/posts\/26984\/revisions\/26988"}],"wp:featuredmedia":[{"embeddable":true,"href":"https:\/\/www.ce-illkirch.fr\/wordpress\/wp-json\/wp\/v2\/media\/26985"}],"wp:attachment":[{"href":"https:\/\/www.ce-illkirch.fr\/wordpress\/wp-json\/wp\/v2\/media?parent=26984"}],"wp:term":[{"taxonomy":"category","embeddable":true,"href":"https:\/\/www.ce-illkirch.fr\/wordpress\/wp-json\/wp\/v2\/categories?post=26984"},{"taxonomy":"post_tag","embeddable":true,"href":"https:\/\/www.ce-illkirch.fr\/wordpress\/wp-json\/wp\/v2\/tags?post=26984"}],"curies":[{"name":"wp","href":"https:\/\/api.w.org\/{rel}","templated":true}]}}