{"id":27039,"date":"2020-04-09T14:07:20","date_gmt":"2020-04-09T12:07:20","guid":{"rendered":"https:\/\/www.ce-illkirch.fr\/wordpress\/?p=27039"},"modified":"2020-06-19T09:44:12","modified_gmt":"2020-06-19T07:44:12","slug":"instant-bd","status":"publish","type":"post","link":"https:\/\/www.ce-illkirch.fr\/wordpress\/2020\/04\/bibliotheque\/instant-bd\/","title":{"rendered":"Instant BD"},"content":{"rendered":"<p><a href=\"http:\/\/puntish.blogspot.com\/\">http:\/\/puntish.blogspot.com\/<\/a><\/p>\n<p><em>\u00ab\u00a0Il nous faudra demain tirer les le\u00e7ons du moment que nous traversons, interroger le mod\u00e8le de d\u00e9veloppement dans lequel s&rsquo;est engag\u00e9 notre monde depuis des d\u00e9cennies et qui d\u00e9voile ses failles au grand jour.\u00a0\u00bb<\/em><\/p>\n<p>Extrait de la d\u00e9claration de M. Emmanuel Macron, pr\u00e9sident de la R\u00e9publique, sur l&rsquo;\u00e9pid\u00e9mie de COViD-19, \u00e0 Paris le 12 mars 2020.<\/p>\n","protected":false},"excerpt":{"rendered":"<p>http:\/\/puntish.blogspot.com\/ \u00ab\u00a0Il nous faudra demain tirer les le\u00e7ons du moment que nous traversons, interroger le mod\u00e8le de d\u00e9veloppement dans lequel s&rsquo;est engag\u00e9 notre monde depuis des d\u00e9cennies et qui d\u00e9voile [&hellip;]<\/p>\n","protected":false},"author":2,"featured_media":27040,"comment_status":"closed","ping_status":"open","sticky":false,"template":"","format":"standard","meta":{"footnotes":""},"categories":[5,24],"tags":[],"class_list":["post-27039","post","type-post","status-publish","format-standard","has-post-thumbnail","hentry","category-bibliotheque","category-prix-bd"],"publishpress_future_action":{"enabled":false,"date":"2026-05-08 12:52:19","action":"category","newStatus":"draft","terms":[],"taxonomy":"category","extraData":[]},"publishpress_future_workflow_manual_trigger":{"enabledWorkflows":[]},"_links":{"self":[{"href":"https:\/\/www.ce-illkirch.fr\/wordpress\/wp-json\/wp\/v2\/posts\/27039","targetHints":{"allow":["GET"]}}],"collection":[{"href":"https:\/\/www.ce-illkirch.fr\/wordpress\/wp-json\/wp\/v2\/posts"}],"about":[{"href":"https:\/\/www.ce-illkirch.fr\/wordpress\/wp-json\/wp\/v2\/types\/post"}],"author":[{"embeddable":true,"href":"https:\/\/www.ce-illkirch.fr\/wordpress\/wp-json\/wp\/v2\/users\/2"}],"replies":[{"embeddable":true,"href":"https:\/\/www.ce-illkirch.fr\/wordpress\/wp-json\/wp\/v2\/comments?post=27039"}],"version-history":[{"count":1,"href":"https:\/\/www.ce-illkirch.fr\/wordpress\/wp-json\/wp\/v2\/posts\/27039\/revisions"}],"predecessor-version":[{"id":27041,"href":"https:\/\/www.ce-illkirch.fr\/wordpress\/wp-json\/wp\/v2\/posts\/27039\/revisions\/27041"}],"wp:featuredmedia":[{"embeddable":true,"href":"https:\/\/www.ce-illkirch.fr\/wordpress\/wp-json\/wp\/v2\/media\/27040"}],"wp:attachment":[{"href":"https:\/\/www.ce-illkirch.fr\/wordpress\/wp-json\/wp\/v2\/media?parent=27039"}],"wp:term":[{"taxonomy":"category","embeddable":true,"href":"https:\/\/www.ce-illkirch.fr\/wordpress\/wp-json\/wp\/v2\/categories?post=27039"},{"taxonomy":"post_tag","embeddable":true,"href":"https:\/\/www.ce-illkirch.fr\/wordpress\/wp-json\/wp\/v2\/tags?post=27039"}],"curies":[{"name":"wp","href":"https:\/\/api.w.org\/{rel}","templated":true}]}}