{"id":27107,"date":"2020-05-12T16:27:03","date_gmt":"2020-05-12T14:27:03","guid":{"rendered":"https:\/\/www.ce-illkirch.fr\/wordpress\/?p=27107"},"modified":"2026-04-14T11:25:12","modified_gmt":"2026-04-14T09:25:12","slug":"couverture-sante","status":"publish","type":"post","link":"https:\/\/www.ce-illkirch.fr\/wordpress\/2020\/05\/prestataires-de-services\/couverture-sante\/","title":{"rendered":"Couverture Sant\u00e9 Canton La Bo\u00e9tie"},"content":{"rendered":"<p>Humanis nous transmet l\u2019avenant 2020 \u00e0 la notice du BMS relatif aux garanties sant\u00e9 compl\u00e9mentaire : BMS et BMS+ (R\u00e9gime g\u00e9n\u00e9ral et Alsace Moselle). Cet avenant fait r\u00e9f\u00e9rence \u00e0 l\u2019\u00e9volution des garanties 2020 (essentiellement sur le 100 % sant\u00e9). Ce format est diff\u00e9rent du format habituel.<\/p>\n<p>Les clauses de vos Conditions Particuli\u00e8res (reflets de votre contrat compl\u00e9mentaire sant\u00e9) sont toujours applicables et pr\u00e9sentes dans la derni\u00e8re Notice de mars 2019.<\/p>\n<p>Ces documents sont accessibles sur l&rsquo;Intranet CSE dans la rubrique Pr\u00e9voyance et Sant\u00e9.<\/p>\n<p>Ces documents ne sont pas disponibles sur les espaces clients sur le site Humanis.<\/p>\n","protected":false},"excerpt":{"rendered":"<p>Humanis nous transmet l\u2019avenant 2020 \u00e0 la notice du BMS relatif aux garanties sant\u00e9 compl\u00e9mentaire : BMS et BMS+ (R\u00e9gime g\u00e9n\u00e9ral et Alsace Moselle). Cet avenant fait r\u00e9f\u00e9rence \u00e0 l\u2019\u00e9volution [&hellip;]<\/p>\n","protected":false},"author":7,"featured_media":26501,"comment_status":"closed","ping_status":"open","sticky":false,"template":"","format":"standard","meta":{"footnotes":""},"categories":[23],"tags":[],"class_list":["post-27107","post","type-post","status-publish","format-standard","has-post-thumbnail","hentry","category-prestataires-de-services"],"publishpress_future_action":{"enabled":false,"date":"2026-05-09 14:28:00","action":"category","newStatus":"draft","terms":[],"taxonomy":"category","extraData":[]},"publishpress_future_workflow_manual_trigger":{"enabledWorkflows":[]},"_links":{"self":[{"href":"https:\/\/www.ce-illkirch.fr\/wordpress\/wp-json\/wp\/v2\/posts\/27107","targetHints":{"allow":["GET"]}}],"collection":[{"href":"https:\/\/www.ce-illkirch.fr\/wordpress\/wp-json\/wp\/v2\/posts"}],"about":[{"href":"https:\/\/www.ce-illkirch.fr\/wordpress\/wp-json\/wp\/v2\/types\/post"}],"author":[{"embeddable":true,"href":"https:\/\/www.ce-illkirch.fr\/wordpress\/wp-json\/wp\/v2\/users\/7"}],"replies":[{"embeddable":true,"href":"https:\/\/www.ce-illkirch.fr\/wordpress\/wp-json\/wp\/v2\/comments?post=27107"}],"version-history":[{"count":4,"href":"https:\/\/www.ce-illkirch.fr\/wordpress\/wp-json\/wp\/v2\/posts\/27107\/revisions"}],"predecessor-version":[{"id":39271,"href":"https:\/\/www.ce-illkirch.fr\/wordpress\/wp-json\/wp\/v2\/posts\/27107\/revisions\/39271"}],"wp:featuredmedia":[{"embeddable":true,"href":"https:\/\/www.ce-illkirch.fr\/wordpress\/wp-json\/wp\/v2\/media\/26501"}],"wp:attachment":[{"href":"https:\/\/www.ce-illkirch.fr\/wordpress\/wp-json\/wp\/v2\/media?parent=27107"}],"wp:term":[{"taxonomy":"category","embeddable":true,"href":"https:\/\/www.ce-illkirch.fr\/wordpress\/wp-json\/wp\/v2\/categories?post=27107"},{"taxonomy":"post_tag","embeddable":true,"href":"https:\/\/www.ce-illkirch.fr\/wordpress\/wp-json\/wp\/v2\/tags?post=27107"}],"curies":[{"name":"wp","href":"https:\/\/api.w.org\/{rel}","templated":true}]}}