{"id":27125,"date":"2021-03-22T12:54:52","date_gmt":"2021-03-22T11:54:52","guid":{"rendered":"https:\/\/www.ce-illkirch.fr\/wordpress\/?p=27125"},"modified":"2021-04-06T16:25:23","modified_gmt":"2021-04-06T14:25:23","slug":"quelques-bonnes-nouvelles-de-la-commission-transport","status":"publish","type":"post","link":"https:\/\/www.ce-illkirch.fr\/wordpress\/2021\/03\/a-propos\/quelques-bonnes-nouvelles-de-la-commission-transport\/","title":{"rendered":"Coup de Pouce V\u00e9lo : fin le 31 mars 2021 !"},"content":{"rendered":"<p><img loading=\"lazy\" decoding=\"async\" class=\"alignnone size-full wp-image-27132\" src=\"https:\/\/www.ce-illkirch.fr\/wordpress\/wp-content\/uploads\/CoupDePouceVelo.png\" alt=\"\" width=\"177\" height=\"80\" srcset=\"https:\/\/www.ce-illkirch.fr\/wordpress\/wp-content\/uploads\/CoupDePouceVelo.png 177w, https:\/\/www.ce-illkirch.fr\/wordpress\/wp-content\/uploads\/CoupDePouceVelo-110x50.png 110w\" sizes=\"auto, (max-width: 177px) 100vw, 177px\" \/><\/p>\n<p>Vous pouvez b\u00e9n\u00e9ficier du \u00ab\u00a0<a href=\"https:\/\/coupdepoucevelo.fr\/auth\/home\">Coup de Pouce V\u00e9lo<\/a>\u00a0\u00bb pour faire r\u00e9parer votre v\u00e9lo, ou pour une remise en selle ! En effet, l&rsquo;Etat offre une prime qui peut aller jusqu&rsquo;\u00e0 50\u20ac sur votre facture de r\u00e9paration.<\/p>\n<p>Retrouvez les r\u00e9parateurs et ateliers d&rsquo;auto-r\u00e9paration participant \u00e0 cette op\u00e9ration sur <a href=\"https:\/\/coupdepoucevelo.fr\/auth\/particulier\/faire-reparer\"><strong>R\u00e9parer son v\u00e9lo<\/strong><\/a>.<\/p>\n<p>Et si vous voulez en b\u00e9n\u00e9ficier \u00e0 domicile : <a href=\"https:\/\/velodomicile.fr\/docbike\">https:\/\/velodomicile.fr\/docbike<\/a>\/ ou <a href=\"https:\/\/www.cyclofix.com\/\">https:\/\/www.cyclofix.com\/<\/a><\/p>\n<p>Vous pouvez aussi b\u00e9n\u00e9ficier d&rsquo;une s\u00e9ance d&rsquo;accompagnement \u00e0 l&rsquo;usage du v\u00e9lo (prise en main, circulation en ville, itin\u00e9raire adapt\u00e9, etc.) au sein du r\u00e9seau des v\u00e9lo-\u00e9coles r\u00e9f\u00e9renc\u00e9es sur la <a href=\"https:\/\/coupdepoucevelo.fr\/\">plateforme<\/a> .<\/p>\n<p>A bient\u00f4t sur nos itin\u00e9raires cyclables !!!<\/p>\n<p>La Commission Transport<\/p>\n","protected":false},"excerpt":{"rendered":"<p>Vous pouvez b\u00e9n\u00e9ficier du \u00ab\u00a0Coup de Pouce V\u00e9lo\u00a0\u00bb pour faire r\u00e9parer votre v\u00e9lo, ou pour une remise en selle ! En effet, l&rsquo;Etat offre une prime qui peut aller jusqu&rsquo;\u00e0 [&hellip;]<\/p>\n","protected":false},"author":4,"featured_media":27197,"comment_status":"closed","ping_status":"open","sticky":false,"template":"","format":"standard","meta":{"footnotes":""},"categories":[2,39],"tags":[],"class_list":["post-27125","post","type-post","status-publish","format-standard","has-post-thumbnail","hentry","category-a-propos","category-transport"],"publishpress_future_action":{"enabled":false,"date":"2026-05-07 08:58:58","action":"category","newStatus":"draft","terms":[],"taxonomy":"category","extraData":[]},"publishpress_future_workflow_manual_trigger":{"enabledWorkflows":[]},"_links":{"self":[{"href":"https:\/\/www.ce-illkirch.fr\/wordpress\/wp-json\/wp\/v2\/posts\/27125","targetHints":{"allow":["GET"]}}],"collection":[{"href":"https:\/\/www.ce-illkirch.fr\/wordpress\/wp-json\/wp\/v2\/posts"}],"about":[{"href":"https:\/\/www.ce-illkirch.fr\/wordpress\/wp-json\/wp\/v2\/types\/post"}],"author":[{"embeddable":true,"href":"https:\/\/www.ce-illkirch.fr\/wordpress\/wp-json\/wp\/v2\/users\/4"}],"replies":[{"embeddable":true,"href":"https:\/\/www.ce-illkirch.fr\/wordpress\/wp-json\/wp\/v2\/comments?post=27125"}],"version-history":[{"count":15,"href":"https:\/\/www.ce-illkirch.fr\/wordpress\/wp-json\/wp\/v2\/posts\/27125\/revisions"}],"predecessor-version":[{"id":28354,"href":"https:\/\/www.ce-illkirch.fr\/wordpress\/wp-json\/wp\/v2\/posts\/27125\/revisions\/28354"}],"wp:featuredmedia":[{"embeddable":true,"href":"https:\/\/www.ce-illkirch.fr\/wordpress\/wp-json\/wp\/v2\/media\/27197"}],"wp:attachment":[{"href":"https:\/\/www.ce-illkirch.fr\/wordpress\/wp-json\/wp\/v2\/media?parent=27125"}],"wp:term":[{"taxonomy":"category","embeddable":true,"href":"https:\/\/www.ce-illkirch.fr\/wordpress\/wp-json\/wp\/v2\/categories?post=27125"},{"taxonomy":"post_tag","embeddable":true,"href":"https:\/\/www.ce-illkirch.fr\/wordpress\/wp-json\/wp\/v2\/tags?post=27125"}],"curies":[{"name":"wp","href":"https:\/\/api.w.org\/{rel}","templated":true}]}}