{"id":27155,"date":"2020-06-01T12:25:53","date_gmt":"2020-06-01T10:25:53","guid":{"rendered":"https:\/\/www.ce-illkirch.fr\/wordpress\/?p=27155"},"modified":"2025-06-19T15:03:03","modified_gmt":"2025-06-19T13:03:03","slug":"confinement-bilan-des-reponses-au-questionnaire","status":"publish","type":"post","link":"https:\/\/www.ce-illkirch.fr\/wordpress\/2020\/06\/non-classe\/confinement-bilan-des-reponses-au-questionnaire\/","title":{"rendered":"Confinement : bilan des r\u00e9ponses au questionnaire"},"content":{"rendered":"<p><em>Dans la situation in\u00e9dite du confinement (quasiment tout le monde en t\u00e9l\u00e9travail), les \u00e9lus du CSE ALE Illkirch ont souhait\u00e9 connaitre la perception de tous les salari\u00e9s actifs d\u2019ALE, sur site ou en t\u00e9l\u00e9travail.<br \/>\n<\/em><\/p>\n<ul>\n<li><em>quel est l\u2019impact de cette organisation sur vos conditions de travail ? sur vos relations avec votre manager et vos coll\u00e8gues ?<\/em><\/li>\n<li><em>quels sont les points positifs ? les probl\u00e8mes rencontr\u00e9s ?<\/em><\/li>\n<\/ul>\n<p><em>Vos r\u00e9ponses permettent de tirer les enseignements de cette situation in\u00e9dite, et de vous soutenir dans cette p\u00e9riode difficile.<\/em><\/p>\n<p>Nous avons re\u00e7u 243 r\u00e9ponses, ce qui prouve qu\u2019il y avait un r\u00e9el besoin d\u2019expression sur le sujet.<\/p>\n<p>Un petit groupe de 6 \u00e9lus CSE en a fait la synth\u00e8se (9 pages). Elle\u00a0a \u00e9t\u00e9 communiqu\u00e9e en r\u00e9union pl\u00e9ni\u00e8re du CSE vendredi 29 mai et est en ligne sur l&rsquo;Intranet CSE.<\/p>\n<p>La premi\u00e8re page donne le profil des r\u00e9pondants, la p.2 les r\u00e9ponses des personnes venant travailler sur site, ponctuellement ou de fa\u00e7on permanente, et les pages suivantes les r\u00e9ponses des colll\u00e8gues en t\u00e9l\u00e9travail permanent (88% des r\u00e9pondants).<\/p>\n<p>&nbsp;<\/p>\n<p>&nbsp;<\/p>\n","protected":false},"excerpt":{"rendered":"<p>Dans la situation in\u00e9dite du confinement (quasiment tout le monde en t\u00e9l\u00e9travail), les \u00e9lus du CSE ALE Illkirch ont souhait\u00e9 connaitre la perception de tous les salari\u00e9s actifs d\u2019ALE, sur [&hellip;]<\/p>\n","protected":false},"author":7,"featured_media":27156,"comment_status":"closed","ping_status":"open","sticky":false,"template":"","format":"standard","meta":{"footnotes":""},"categories":[1],"tags":[],"class_list":["post-27155","post","type-post","status-publish","format-standard","has-post-thumbnail","hentry","category-non-classe"],"publishpress_future_action":{"enabled":false,"date":"2026-05-10 13:32:08","action":"category","newStatus":"draft","terms":[],"taxonomy":"category","extraData":[]},"publishpress_future_workflow_manual_trigger":{"enabledWorkflows":[]},"_links":{"self":[{"href":"https:\/\/www.ce-illkirch.fr\/wordpress\/wp-json\/wp\/v2\/posts\/27155","targetHints":{"allow":["GET"]}}],"collection":[{"href":"https:\/\/www.ce-illkirch.fr\/wordpress\/wp-json\/wp\/v2\/posts"}],"about":[{"href":"https:\/\/www.ce-illkirch.fr\/wordpress\/wp-json\/wp\/v2\/types\/post"}],"author":[{"embeddable":true,"href":"https:\/\/www.ce-illkirch.fr\/wordpress\/wp-json\/wp\/v2\/users\/7"}],"replies":[{"embeddable":true,"href":"https:\/\/www.ce-illkirch.fr\/wordpress\/wp-json\/wp\/v2\/comments?post=27155"}],"version-history":[{"count":5,"href":"https:\/\/www.ce-illkirch.fr\/wordpress\/wp-json\/wp\/v2\/posts\/27155\/revisions"}],"predecessor-version":[{"id":37692,"href":"https:\/\/www.ce-illkirch.fr\/wordpress\/wp-json\/wp\/v2\/posts\/27155\/revisions\/37692"}],"wp:featuredmedia":[{"embeddable":true,"href":"https:\/\/www.ce-illkirch.fr\/wordpress\/wp-json\/wp\/v2\/media\/27156"}],"wp:attachment":[{"href":"https:\/\/www.ce-illkirch.fr\/wordpress\/wp-json\/wp\/v2\/media?parent=27155"}],"wp:term":[{"taxonomy":"category","embeddable":true,"href":"https:\/\/www.ce-illkirch.fr\/wordpress\/wp-json\/wp\/v2\/categories?post=27155"},{"taxonomy":"post_tag","embeddable":true,"href":"https:\/\/www.ce-illkirch.fr\/wordpress\/wp-json\/wp\/v2\/tags?post=27155"}],"curies":[{"name":"wp","href":"https:\/\/api.w.org\/{rel}","templated":true}]}}