{"id":27219,"date":"2020-06-15T12:23:29","date_gmt":"2020-06-15T10:23:29","guid":{"rendered":"https:\/\/www.ce-illkirch.fr\/wordpress\/?p=27219"},"modified":"2026-04-14T10:54:36","modified_gmt":"2026-04-14T08:54:36","slug":"ale-et-le-developpement-durable-sondage","status":"publish","type":"post","link":"https:\/\/www.ce-illkirch.fr\/wordpress\/2020\/06\/ecologie\/ale-et-le-developpement-durable-sondage\/","title":{"rendered":"ALE et le d\u00e9veloppement durable. Sondage < 24\/06"},"content":{"rendered":"<p>Initiative ALE que le CSE d&rsquo;Illkirch relaye bien volontiers :<\/p>\n<p><span class=\"tlid-translation translation\" lang=\"fr\"><span class=\"\" title=\"\">Il y a deux mois, \u00e0 l&rsquo;occasion du Jour de la Terre, Camille Ballenghien (\u00e9quipe RH) a r\u00e9alis\u00e9 une enqu\u00eate pour savoir quelles actions les salari\u00e9s de Colombes seraient pr\u00eats \u00e0 entreprendre en faveur de l&rsquo;environnement.<\/span> <span title=\"\">Elle a re\u00e7u des r\u00e9ponses tr\u00e8s int\u00e9ressantes et a accept\u00e9 de contribuer au programme mondial ALE \u201cEnvironmental Action\u201d qui<\/span><span title=\"\"> abordera deux des <strong>objectifs de d\u00e9veloppement durable du Pacte des Nations Unies<\/strong> qu&rsquo;ALE a d\u00e9cid\u00e9 de suivre : l&rsquo;<strong>action pour le climat<\/strong> et la <strong>consommation et la production responsables<\/strong>.<\/span> <\/span><\/p>\n<p><span class=\"tlid-translation translation\" lang=\"fr\"><span title=\"\">Nous souhaitons associer les employ\u00e9s du monde entier \u00e0 la construction de ce programme.<\/span> <\/span><\/p>\n<p><span class=\"tlid-translation translation\" lang=\"fr\"><span title=\"\">Partagez <\/span><\/span><span class=\"tlid-translation translation\" lang=\"fr\"><span title=\"\">vos id\u00e9es en <strong>r\u00e9pondant \u00e0 ce sondage avant le jeudi 24 juin<\/strong>.<\/span><\/span><\/p>\n","protected":false},"excerpt":{"rendered":"<p>Initiative ALE que le CSE d&rsquo;Illkirch relaye bien volontiers : Il y a deux mois, \u00e0 l&rsquo;occasion du Jour de la Terre, Camille Ballenghien (\u00e9quipe RH) a r\u00e9alis\u00e9 une enqu\u00eate [&hellip;]<\/p>\n","protected":false},"author":7,"featured_media":27220,"comment_status":"closed","ping_status":"open","sticky":false,"template":"","format":"standard","meta":{"footnotes":""},"categories":[10],"tags":[],"class_list":["post-27219","post","type-post","status-publish","format-standard","has-post-thumbnail","hentry","category-ecologie"],"publishpress_future_action":{"enabled":false,"date":"2026-05-07 10:29:39","action":"category","newStatus":"draft","terms":[],"taxonomy":"category","extraData":[]},"publishpress_future_workflow_manual_trigger":{"enabledWorkflows":[]},"_links":{"self":[{"href":"https:\/\/www.ce-illkirch.fr\/wordpress\/wp-json\/wp\/v2\/posts\/27219","targetHints":{"allow":["GET"]}}],"collection":[{"href":"https:\/\/www.ce-illkirch.fr\/wordpress\/wp-json\/wp\/v2\/posts"}],"about":[{"href":"https:\/\/www.ce-illkirch.fr\/wordpress\/wp-json\/wp\/v2\/types\/post"}],"author":[{"embeddable":true,"href":"https:\/\/www.ce-illkirch.fr\/wordpress\/wp-json\/wp\/v2\/users\/7"}],"replies":[{"embeddable":true,"href":"https:\/\/www.ce-illkirch.fr\/wordpress\/wp-json\/wp\/v2\/comments?post=27219"}],"version-history":[{"count":4,"href":"https:\/\/www.ce-illkirch.fr\/wordpress\/wp-json\/wp\/v2\/posts\/27219\/revisions"}],"predecessor-version":[{"id":39219,"href":"https:\/\/www.ce-illkirch.fr\/wordpress\/wp-json\/wp\/v2\/posts\/27219\/revisions\/39219"}],"wp:featuredmedia":[{"embeddable":true,"href":"https:\/\/www.ce-illkirch.fr\/wordpress\/wp-json\/wp\/v2\/media\/27220"}],"wp:attachment":[{"href":"https:\/\/www.ce-illkirch.fr\/wordpress\/wp-json\/wp\/v2\/media?parent=27219"}],"wp:term":[{"taxonomy":"category","embeddable":true,"href":"https:\/\/www.ce-illkirch.fr\/wordpress\/wp-json\/wp\/v2\/categories?post=27219"},{"taxonomy":"post_tag","embeddable":true,"href":"https:\/\/www.ce-illkirch.fr\/wordpress\/wp-json\/wp\/v2\/tags?post=27219"}],"curies":[{"name":"wp","href":"https:\/\/api.w.org\/{rel}","templated":true}]}}