{"id":27225,"date":"2022-04-21T17:17:19","date_gmt":"2022-04-21T15:17:19","guid":{"rendered":"https:\/\/www.ce-illkirch.fr\/wordpress\/?p=27225"},"modified":"2026-04-14T10:54:36","modified_gmt":"2026-04-14T08:54:36","slug":"se-ressourcer-se-proteger-webinaires-humanis-la-boetie","status":"publish","type":"post","link":"https:\/\/www.ce-illkirch.fr\/wordpress\/2022\/04\/formation\/se-ressourcer-se-proteger-webinaires-humanis-la-boetie\/","title":{"rendered":"Se ressourcer, se prot\u00e9ger, webinaires Malakoff Humanis"},"content":{"rendered":"<p><strong>Malakoff Humanis <\/strong>propose une <strong>s\u00e9rie de webinaires:<\/strong><\/p>\n<p>Aidant, cancer, handicap, monoparentalit\u00e9, difficult\u00e9s financi\u00e8res&#8230; Les situations de vuln\u00e9rabilit\u00e9s concernent aujourd\u2019hui plus d&rsquo;un salari\u00e9 sur deux, et impactent souvent votre vie personnelle et professionnelle.<\/p>\n<p>Des solutions existent pour vous aider ! Inscrivez-vous aux rendez-vous avec nos experts Malakoff Humanis et nos partenaires afin de savoir comment mieux appr\u00e9hender ces situations.<\/p>\n<ul>\n<li><span class=\"texteCorail fontSize18\">Stress aigu\u00a0: l\u2019identifier et le comprendre pour mieux le g\u00e9rer<\/span> (26 avril)<\/li>\n<li><span class=\"texteCorail fontSize18\">Comprendre et pr\u00e9venir l&rsquo;apparition des Troubles Musculo-Squelettiques (TMS)\u00a0: Changer, Bouger\u00a0!<\/span> (28 avril)<\/li>\n<li><span class=\"encadreViolet texteBlanc\">Conciliation vie familiale et vie professionnelle\u00a0: comment tout g\u00e9rer\u00a0? Savoir l\u00e2cher prise\u00a0!<\/span><\/li>\n<li><span class=\"encadreViolet texteBlanc\">Parents solos\u00a0: conseils et astuces pour tout g\u00e9rer\u00a0!<\/span><\/li>\n<li><span class=\"encadreViolet texteBlanc\">Salari\u00e9s aidants\u00a0: infos et astuces anti-stress<\/span><\/li>\n<li><span class=\"encadreViolet texteBlanc\">Atelier budg\u00e9taire\u00a0: consommez malin, budg\u00e9tez serein\u00a0!<\/span><\/li>\n<li><span class=\"encadreViolet texteBlanc\">Burn out de l&rsquo;aidant<\/span><\/li>\n<li><span class=\"encadreViolet texteBlanc\">Salari\u00e9s malades\u00a0: infos et astuces anti-stress<\/span><\/li>\n<li><span class=\"encadreViolet texteBlanc\">Salari\u00e9s aidants\u00a0: infos et astuces anti-stress<\/span><\/li>\n<li><span class=\"encadreViolet texteBlanc\">Handicap et RQTH<\/span><\/li>\n<\/ul>\n<p><span class=\"encadreViolet texteBlanc\">Dates et inscriptions<\/span>\u00a0 sur le site Malakoff-Humanis<\/p>\n","protected":false},"excerpt":{"rendered":"<p>Malakoff Humanis propose une s\u00e9rie de webinaires: Aidant, cancer, handicap, monoparentalit\u00e9, difficult\u00e9s financi\u00e8res&#8230; Les situations de vuln\u00e9rabilit\u00e9s concernent aujourd\u2019hui plus d&rsquo;un salari\u00e9 sur deux, et impactent souvent votre vie personnelle [&hellip;]<\/p>\n","protected":false},"author":7,"featured_media":30221,"comment_status":"closed","ping_status":"open","sticky":false,"template":"","format":"standard","meta":{"footnotes":""},"categories":[12,16,23,35],"tags":[],"class_list":["post-27225","post","type-post","status-publish","format-standard","has-post-thumbnail","hentry","category-formation","category-loisirs","category-prestataires-de-services","category-top_a_la_une"],"publishpress_future_action":{"enabled":false,"date":"2026-05-09 11:45:50","action":"category","newStatus":"draft","terms":[],"taxonomy":"category","extraData":[]},"publishpress_future_workflow_manual_trigger":{"enabledWorkflows":[]},"_links":{"self":[{"href":"https:\/\/www.ce-illkirch.fr\/wordpress\/wp-json\/wp\/v2\/posts\/27225","targetHints":{"allow":["GET"]}}],"collection":[{"href":"https:\/\/www.ce-illkirch.fr\/wordpress\/wp-json\/wp\/v2\/posts"}],"about":[{"href":"https:\/\/www.ce-illkirch.fr\/wordpress\/wp-json\/wp\/v2\/types\/post"}],"author":[{"embeddable":true,"href":"https:\/\/www.ce-illkirch.fr\/wordpress\/wp-json\/wp\/v2\/users\/7"}],"replies":[{"embeddable":true,"href":"https:\/\/www.ce-illkirch.fr\/wordpress\/wp-json\/wp\/v2\/comments?post=27225"}],"version-history":[{"count":6,"href":"https:\/\/www.ce-illkirch.fr\/wordpress\/wp-json\/wp\/v2\/posts\/27225\/revisions"}],"predecessor-version":[{"id":39220,"href":"https:\/\/www.ce-illkirch.fr\/wordpress\/wp-json\/wp\/v2\/posts\/27225\/revisions\/39220"}],"wp:featuredmedia":[{"embeddable":true,"href":"https:\/\/www.ce-illkirch.fr\/wordpress\/wp-json\/wp\/v2\/media\/30221"}],"wp:attachment":[{"href":"https:\/\/www.ce-illkirch.fr\/wordpress\/wp-json\/wp\/v2\/media?parent=27225"}],"wp:term":[{"taxonomy":"category","embeddable":true,"href":"https:\/\/www.ce-illkirch.fr\/wordpress\/wp-json\/wp\/v2\/categories?post=27225"},{"taxonomy":"post_tag","embeddable":true,"href":"https:\/\/www.ce-illkirch.fr\/wordpress\/wp-json\/wp\/v2\/tags?post=27225"}],"curies":[{"name":"wp","href":"https:\/\/api.w.org\/{rel}","templated":true}]}}