{"id":27568,"date":"2023-10-03T10:51:02","date_gmt":"2023-10-03T08:51:02","guid":{"rendered":"https:\/\/www.ce-illkirch.fr\/wordpress\/?p=27568"},"modified":"2023-10-03T10:50:18","modified_gmt":"2023-10-03T08:50:18","slug":"risques-psychosociaux-ale","status":"publish","type":"post","link":"https:\/\/www.ce-illkirch.fr\/wordpress\/2023\/10\/formation\/risques-psychosociaux-ale\/","title":{"rendered":"Permanences Assistante sociale"},"content":{"rendered":"<ul>\n<li><strong>Assistante sociale : 06 99 50 61 01 \u2013 clara.kohl [at] ssce.eu<br \/>\n<\/strong><\/li>\n<\/ul>\n<p>Retour sur le site ALE Illkirch, une permanence par mois, le <strong>1er mardi du mois de 9h \u00e0 12h (3\/10, 7\/11, 5\/12\/2023 <\/strong>au poste de secours situ\u00e9 \u00e0 c\u00f4t\u00e9 du poste de garde.<\/p>\n<p>Pour r\u00e9pondre \u00e0 vos pr\u00e9occupations mais aussi \u00e0 toutes questions professionnelles ou personnelles, d\u2019ordre administratif, juridique, financier ou relationnel, dans les domaines <strong>du travail, de la vie personnelle ou familiale, du<\/strong><strong> logement, <\/strong><strong>du budget, de la sant\u00e9, de l\u2019acc\u00e8s aux droits\u2026<\/strong><\/p>\n<ul>\n<li><strong>m\u00e9decin du travail Dr Sarah VINCENT-SADOK<br \/>\nT\u00e9l. : 03 88 65 08 83 : <\/strong>S.VincentSadok [at] ast67.org<\/li>\n<\/ul>\n<p>Comment trouver de l&rsquo;aide pour un coll\u00e8gue, pour soi m\u00eame, trouver des contacts page 9 : <a href=\"https:\/\/www.ce-illkirch.fr\/wordpress\/wp-content\/uploads\/Risque-psychosocial-Illkirch.pdf\">document<\/a> de la Direction ALE pour les Risques PsychoSociaux<\/p>\n<p>&nbsp;<\/p>\n","protected":false},"excerpt":{"rendered":"<p>Assistante sociale : 06 99 50 61 01 \u2013 clara.kohl [at] ssce.eu Retour sur le site ALE Illkirch, une permanence par mois, le 1er mardi du mois de 9h \u00e0 [&hellip;]<\/p>\n","protected":false},"author":2,"featured_media":29994,"comment_status":"closed","ping_status":"open","sticky":false,"template":"","format":"standard","meta":{"footnotes":""},"categories":[12,32,37],"tags":[],"class_list":["post-27568","post","type-post","status-publish","format-standard","has-post-thumbnail","hentry","category-formation","category-site-ale","category-top_sticky"],"publishpress_future_action":{"enabled":false,"date":"2026-05-07 15:33:04","action":"category","newStatus":"draft","terms":[],"taxonomy":"category","extraData":[]},"publishpress_future_workflow_manual_trigger":{"enabledWorkflows":[]},"_links":{"self":[{"href":"https:\/\/www.ce-illkirch.fr\/wordpress\/wp-json\/wp\/v2\/posts\/27568","targetHints":{"allow":["GET"]}}],"collection":[{"href":"https:\/\/www.ce-illkirch.fr\/wordpress\/wp-json\/wp\/v2\/posts"}],"about":[{"href":"https:\/\/www.ce-illkirch.fr\/wordpress\/wp-json\/wp\/v2\/types\/post"}],"author":[{"embeddable":true,"href":"https:\/\/www.ce-illkirch.fr\/wordpress\/wp-json\/wp\/v2\/users\/2"}],"replies":[{"embeddable":true,"href":"https:\/\/www.ce-illkirch.fr\/wordpress\/wp-json\/wp\/v2\/comments?post=27568"}],"version-history":[{"count":17,"href":"https:\/\/www.ce-illkirch.fr\/wordpress\/wp-json\/wp\/v2\/posts\/27568\/revisions"}],"predecessor-version":[{"id":33963,"href":"https:\/\/www.ce-illkirch.fr\/wordpress\/wp-json\/wp\/v2\/posts\/27568\/revisions\/33963"}],"wp:featuredmedia":[{"embeddable":true,"href":"https:\/\/www.ce-illkirch.fr\/wordpress\/wp-json\/wp\/v2\/media\/29994"}],"wp:attachment":[{"href":"https:\/\/www.ce-illkirch.fr\/wordpress\/wp-json\/wp\/v2\/media?parent=27568"}],"wp:term":[{"taxonomy":"category","embeddable":true,"href":"https:\/\/www.ce-illkirch.fr\/wordpress\/wp-json\/wp\/v2\/categories?post=27568"},{"taxonomy":"post_tag","embeddable":true,"href":"https:\/\/www.ce-illkirch.fr\/wordpress\/wp-json\/wp\/v2\/tags?post=27568"}],"curies":[{"name":"wp","href":"https:\/\/api.w.org\/{rel}","templated":true}]}}