{"id":27706,"date":"2020-11-02T08:36:37","date_gmt":"2020-11-02T07:36:37","guid":{"rendered":"https:\/\/www.ce-illkirch.fr\/wordpress\/?p=27706"},"modified":"2020-11-26T10:42:07","modified_gmt":"2020-11-26T09:42:07","slug":"commandes-livres-dedicaces","status":"publish","type":"post","link":"https:\/\/www.ce-illkirch.fr\/wordpress\/2020\/11\/non-classe\/commandes-livres-dedicaces\/","title":{"rendered":"Commandes livres d\u00e9dicac\u00e9s"},"content":{"rendered":"<p><span style=\"color: #0000ff;\">Sandrine Corre (fille de Jean-Paul Corre) qui \u00e9tait sur le site il y a 2 ans vous propose des livres jeunesse d\u00e9dicac\u00e9s. Si vous \u00eates int\u00e9ress\u00e9s remplissez ce<strong> <a style=\"color: #0000ff;\" href=\"https:\/\/framadate.org\/QXejMg18Rz8MVLte\"><em>sondage<\/em><\/a><\/strong>,<em>(cliquez sur sondage)\u00a0<\/em> avec vos pr\u00e9cisions pour la d\u00e9dicace (pr\u00e9nom, passion&#8230;). Date limite 4\/11\/2020. Paiement au CSE.<\/span><\/p>\n<p><strong>\u00ab\u00a0<\/strong><img loading=\"lazy\" decoding=\"async\" class=\"wp-image-27712 alignleft\" src=\"https:\/\/www.ce-illkirch.fr\/wordpress\/wp-content\/uploads\/Couv-SuperCoquillette-214x300.png\" alt=\"\" width=\"107\" height=\"150\" srcset=\"https:\/\/www.ce-illkirch.fr\/wordpress\/wp-content\/uploads\/Couv-SuperCoquillette-214x300.png 214w, https:\/\/www.ce-illkirch.fr\/wordpress\/wp-content\/uploads\/Couv-SuperCoquillette-768x1075.png 768w, https:\/\/www.ce-illkirch.fr\/wordpress\/wp-content\/uploads\/Couv-SuperCoquillette-732x1024.png 732w, https:\/\/www.ce-illkirch.fr\/wordpress\/wp-content\/uploads\/Couv-SuperCoquillette-549x768.png 549w, https:\/\/www.ce-illkirch.fr\/wordpress\/wp-content\/uploads\/Couv-SuperCoquillette-79x110.png 79w, https:\/\/www.ce-illkirch.fr\/wordpress\/wp-content\/uploads\/Couv-SuperCoquillette-300x420.png 300w, https:\/\/www.ce-illkirch.fr\/wordpress\/wp-content\/uploads\/Couv-SuperCoquillette-307x430.png 307w, https:\/\/www.ce-illkirch.fr\/wordpress\/wp-content\/uploads\/Couv-SuperCoquillette.png 1772w\" sizes=\"auto, (max-width: 107px) 100vw, 107px\" \/><strong>Les m\u00e9saventures de SuperCoquillette\u00a0\u00bb <\/strong>Destin\u00e9 aux ados et adultes. <strong>Prix :<\/strong> <strong>12\u20ac<\/strong> (livre d\u00e9dicac\u00e9). C&rsquo;est un recueil de petites nouvelles, d&rsquo;histoires dr\u00f4les de la vie de tous les jours que vit SuperCoquillette.<\/p>\n<p><strong>R\u00e9sum\u00e9 du livre : <\/strong>Vous est-il d\u00e9j\u00e0 arriv\u00e9 de vous sentir gauche ? De faire des gaffes ? Ou de vous demander si le sort s&rsquo;acharne sur vous ? H\u00e9 bien, c&rsquo;est le quotidien de SuperCoquillette ! Que vous soyez coutumier du fait ou non, d\u00e9couvrez ce recueil o\u00f9 elle partage avec vous ses moments, qui d&rsquo;habitude sont des moments de solitude !<em> \u00ab\u00a0Nous avons tous un paquet de nouilles au fond du placard.\u00a0\u00bb<\/em><img loading=\"lazy\" decoding=\"async\" class=\"wp-image-27710 alignright\" src=\"https:\/\/www.ce-illkirch.fr\/wordpress\/wp-content\/uploads\/couv-journal-de-bord-721-300x214.jpg\" alt=\"\" width=\"186\" height=\"133\" srcset=\"https:\/\/www.ce-illkirch.fr\/wordpress\/wp-content\/uploads\/couv-journal-de-bord-721-300x214.jpg 300w, https:\/\/www.ce-illkirch.fr\/wordpress\/wp-content\/uploads\/couv-journal-de-bord-721-110x79.jpg 110w, https:\/\/www.ce-illkirch.fr\/wordpress\/wp-content\/uploads\/couv-journal-de-bord-721-420x300.jpg 420w, https:\/\/www.ce-illkirch.fr\/wordpress\/wp-content\/uploads\/couv-journal-de-bord-721.jpg 595w\" sizes=\"auto, (max-width: 186px) 100vw, 186px\" \/><\/p>\n<p><img loading=\"lazy\" decoding=\"async\" class=\" wp-image-27711 alignleft\" src=\"https:\/\/www.ce-illkirch.fr\/wordpress\/wp-content\/uploads\/couv-Le-poids-des-\u00e9tiquettes-300x300.jpg\" alt=\"\" width=\"137\" height=\"137\" srcset=\"https:\/\/www.ce-illkirch.fr\/wordpress\/wp-content\/uploads\/couv-Le-poids-des-\u00e9tiquettes-300x300.jpg 300w, https:\/\/www.ce-illkirch.fr\/wordpress\/wp-content\/uploads\/couv-Le-poids-des-\u00e9tiquettes-150x150.jpg 150w, https:\/\/www.ce-illkirch.fr\/wordpress\/wp-content\/uploads\/couv-Le-poids-des-\u00e9tiquettes-768x770.jpg 768w, https:\/\/www.ce-illkirch.fr\/wordpress\/wp-content\/uploads\/couv-Le-poids-des-\u00e9tiquettes-1021x1024.jpg 1021w, https:\/\/www.ce-illkirch.fr\/wordpress\/wp-content\/uploads\/couv-Le-poids-des-\u00e9tiquettes-766x768.jpg 766w, https:\/\/www.ce-illkirch.fr\/wordpress\/wp-content\/uploads\/couv-Le-poids-des-\u00e9tiquettes-250x250.jpg 250w, https:\/\/www.ce-illkirch.fr\/wordpress\/wp-content\/uploads\/couv-Le-poids-des-\u00e9tiquettes-125x125.jpg 125w, https:\/\/www.ce-illkirch.fr\/wordpress\/wp-content\/uploads\/couv-Le-poids-des-\u00e9tiquettes-64x64.jpg 64w, https:\/\/www.ce-illkirch.fr\/wordpress\/wp-content\/uploads\/couv-Le-poids-des-\u00e9tiquettes-110x110.jpg 110w, https:\/\/www.ce-illkirch.fr\/wordpress\/wp-content\/uploads\/couv-Le-poids-des-\u00e9tiquettes-420x420.jpg 420w, https:\/\/www.ce-illkirch.fr\/wordpress\/wp-content\/uploads\/couv-Le-poids-des-\u00e9tiquettes-429x430.jpg 429w, https:\/\/www.ce-illkirch.fr\/wordpress\/wp-content\/uploads\/couv-Le-poids-des-\u00e9tiquettes-120x120.jpg 120w, https:\/\/www.ce-illkirch.fr\/wordpress\/wp-content\/uploads\/couv-Le-poids-des-\u00e9tiquettes.jpg 1153w\" sizes=\"auto, (max-width: 137px) 100vw, 137px\" \/><strong>\u00ab\u00a0Le po<\/strong><strong>i<\/strong><strong>ds des \u00e9tiquettes\u00a0\u00bb <\/strong>Album jeunesse illustr\u00e9 destin\u00e9 aux enfants de 3 \u00e0 10 ans (texte adapt\u00e9 aux dyslexiques).\u00a0\u00a0\u00a0\u00a0<strong>Prix :<\/strong> <strong>28\u20ac<\/strong> (le livre d\u00e9dicac\u00e9 + le livret bonus <strong>\u00ab\u00a0Le journal de bord\u00a0\u00bb <\/strong>qui permet de raconter, de dialoguer sur l&rsquo;origine du livre, sans tabou, avec des coloriages, des conseils pour apprendre \u00e0 dessiner des personnages,\u00a0 plein d&rsquo;humour et plein de secrets sur le livre + le fond d&rsquo;\u00e9cran du livre) \/ (une partie des fonds revers\u00e9e \u00e0 l&rsquo;association HUGO qui lutte contre le harc\u00e8lement scolaire) <a href=\"http:\/\/ulule.fr\/lesetiquettes\">ulule.fr\/lesetiquettes<\/a> Pr\u00e9commandes \u00e0 passer avant le 4 novembre. Sous forme de m\u00e9taphore, ce livre raconte l&rsquo;histoire d&rsquo;un enfant touch\u00e9 par le harc\u00e8lement. Avec l\u00e9g\u00e8ret\u00e9, m\u00eal\u00e9e d&rsquo;un soup\u00e7on de magie et d&rsquo;amiti\u00e9, il y est question d&rsquo;estime de soi et de confiance en soi.<\/p>\n<p><strong>R\u00e9sum\u00e9 du livre : <\/strong>Les mauvaises langues s\u2019acharnent contre Antoine. Leurs vilains mots lui collent \u00e0 la peau et le rendent malheureux.<br \/>\nMais Rosaline semble avoir un secret pour ne pas \u00eatre touch\u00e9e. Voudra-t-elle le partager avec lui ?<\/p>\n<p><img loading=\"lazy\" decoding=\"async\" class=\"wp-image-27709 alignleft\" src=\"https:\/\/www.ce-illkirch.fr\/wordpress\/wp-content\/uploads\/Couverture-222x300.jpg\" alt=\"\" width=\"92\" height=\"124\" srcset=\"https:\/\/www.ce-illkirch.fr\/wordpress\/wp-content\/uploads\/Couverture-222x300.jpg 222w, https:\/\/www.ce-illkirch.fr\/wordpress\/wp-content\/uploads\/Couverture-768x1039.jpg 768w, https:\/\/www.ce-illkirch.fr\/wordpress\/wp-content\/uploads\/Couverture-757x1024.jpg 757w, https:\/\/www.ce-illkirch.fr\/wordpress\/wp-content\/uploads\/Couverture-568x768.jpg 568w, https:\/\/www.ce-illkirch.fr\/wordpress\/wp-content\/uploads\/Couverture-81x110.jpg 81w, https:\/\/www.ce-illkirch.fr\/wordpress\/wp-content\/uploads\/Couverture-311x420.jpg 311w, https:\/\/www.ce-illkirch.fr\/wordpress\/wp-content\/uploads\/Couverture-318x430.jpg 318w, https:\/\/www.ce-illkirch.fr\/wordpress\/wp-content\/uploads\/Couverture.jpg 1710w\" sizes=\"auto, (max-width: 92px) 100vw, 92px\" \/><strong>\u00ab\u00a0Le chat qui voulait devenir un lion\u00a0\u00bb <\/strong>Album jeunesse illustr\u00e9 destin\u00e9 aux enfants de 3 \u00e0 10 ans (texte adapt\u00e9 aux dyslexiques). <strong>Prix :<\/strong> <strong>10\u20ac<\/strong> (livre d\u00e9dicac\u00e9 + 3 cartes postales tir\u00e9es du livre)<\/p>\n<p><strong>R\u00e9sum\u00e9 du livre : <\/strong>L&rsquo;histoire \u00e9mouvante d&rsquo;un chat qui a perdu la m\u00e9moire et qui se retrouve seul face \u00e0 son destin et son r\u00eave : devenir un lion ! Sur le chemin du respect, sa qu\u00eate le conduira \u00e0 \u00eatre plus \u00e0 l&rsquo;\u00e9coute des autres et \u00e0 croire en ses r\u00eaves.<\/p>\n","protected":false},"excerpt":{"rendered":"<p>Sandrine Corre (fille de Jean-Paul Corre) qui \u00e9tait sur le site il y a 2 ans vous propose des livres jeunesse d\u00e9dicac\u00e9s. Si vous \u00eates int\u00e9ress\u00e9s remplissez ce sondage,(cliquez sur [&hellip;]<\/p>\n","protected":false},"author":2,"featured_media":27708,"comment_status":"closed","ping_status":"open","sticky":false,"template":"","format":"standard","meta":{"footnotes":""},"categories":[5,6,1],"tags":[],"class_list":["post-27706","post","type-post","status-publish","format-standard","has-post-thumbnail","hentry","category-bibliotheque","category-billet","category-non-classe"],"publishpress_future_action":{"enabled":false,"date":"2026-05-07 13:41:24","action":"category","newStatus":"draft","terms":[],"taxonomy":"category","extraData":[]},"publishpress_future_workflow_manual_trigger":{"enabledWorkflows":[]},"_links":{"self":[{"href":"https:\/\/www.ce-illkirch.fr\/wordpress\/wp-json\/wp\/v2\/posts\/27706","targetHints":{"allow":["GET"]}}],"collection":[{"href":"https:\/\/www.ce-illkirch.fr\/wordpress\/wp-json\/wp\/v2\/posts"}],"about":[{"href":"https:\/\/www.ce-illkirch.fr\/wordpress\/wp-json\/wp\/v2\/types\/post"}],"author":[{"embeddable":true,"href":"https:\/\/www.ce-illkirch.fr\/wordpress\/wp-json\/wp\/v2\/users\/2"}],"replies":[{"embeddable":true,"href":"https:\/\/www.ce-illkirch.fr\/wordpress\/wp-json\/wp\/v2\/comments?post=27706"}],"version-history":[{"count":8,"href":"https:\/\/www.ce-illkirch.fr\/wordpress\/wp-json\/wp\/v2\/posts\/27706\/revisions"}],"predecessor-version":[{"id":27719,"href":"https:\/\/www.ce-illkirch.fr\/wordpress\/wp-json\/wp\/v2\/posts\/27706\/revisions\/27719"}],"wp:featuredmedia":[{"embeddable":true,"href":"https:\/\/www.ce-illkirch.fr\/wordpress\/wp-json\/wp\/v2\/media\/27708"}],"wp:attachment":[{"href":"https:\/\/www.ce-illkirch.fr\/wordpress\/wp-json\/wp\/v2\/media?parent=27706"}],"wp:term":[{"taxonomy":"category","embeddable":true,"href":"https:\/\/www.ce-illkirch.fr\/wordpress\/wp-json\/wp\/v2\/categories?post=27706"},{"taxonomy":"post_tag","embeddable":true,"href":"https:\/\/www.ce-illkirch.fr\/wordpress\/wp-json\/wp\/v2\/tags?post=27706"}],"curies":[{"name":"wp","href":"https:\/\/api.w.org\/{rel}","templated":true}]}}