{"id":27944,"date":"2020-12-11T13:55:11","date_gmt":"2020-12-11T12:55:11","guid":{"rendered":"https:\/\/www.ce-illkirch.fr\/wordpress\/?p=27944"},"modified":"2020-12-11T14:20:29","modified_gmt":"2020-12-11T13:20:29","slug":"bd-corben","status":"publish","type":"post","link":"https:\/\/www.ce-illkirch.fr\/wordpress\/2020\/12\/bibliotheque\/bd-corben\/","title":{"rendered":"BD Corben"},"content":{"rendered":"<p>Un petit message de tristesse pour rendre hommage \u00e0 Richard Corben qui nous a quitt\u00e9 le 2 d\u00e9cembre dernier \u00e0 80 ans. Illustrateur de g\u00e9nie il a cr\u00e9\u00e9 un univers d&rsquo;Heroic Fantasy tr\u00e8s personnel avec une technique de dessin reconnaissable entre mille.<\/p>\n<p>Les BDs sont un peu dat\u00e9es mais tr\u00e8s repr\u00e9sentatives de la cr\u00e9ativit\u00e9 des ann\u00e9es 70 avec des exp\u00e9rimentations comme \u00ab\u00a0M\u00e9tal Hurlant\u00a0\u00bb, \u00ab\u00a0L&rsquo;\u00e9cho des savannes\u00a0\u00bb et autres publications.\u00a0 3 BD de Corben disponibles sur la table des nouveaut\u00e9s au CSE.<\/p>\n<p>E. Helbert<\/p>\n","protected":false},"excerpt":{"rendered":"<p>Un petit message de tristesse pour rendre hommage \u00e0 Richard Corben qui nous a quitt\u00e9 le 2 d\u00e9cembre dernier \u00e0 80 ans. Illustrateur de g\u00e9nie il a cr\u00e9\u00e9 un univers [&hellip;]<\/p>\n","protected":false},"author":2,"featured_media":27945,"comment_status":"closed","ping_status":"open","sticky":false,"template":"","format":"standard","meta":{"footnotes":""},"categories":[5,24],"tags":[],"class_list":["post-27944","post","type-post","status-publish","format-standard","has-post-thumbnail","hentry","category-bibliotheque","category-prix-bd"],"publishpress_future_action":{"enabled":false,"date":"2026-05-10 12:24:49","action":"category","newStatus":"draft","terms":[],"taxonomy":"category","extraData":[]},"publishpress_future_workflow_manual_trigger":{"enabledWorkflows":[]},"_links":{"self":[{"href":"https:\/\/www.ce-illkirch.fr\/wordpress\/wp-json\/wp\/v2\/posts\/27944","targetHints":{"allow":["GET"]}}],"collection":[{"href":"https:\/\/www.ce-illkirch.fr\/wordpress\/wp-json\/wp\/v2\/posts"}],"about":[{"href":"https:\/\/www.ce-illkirch.fr\/wordpress\/wp-json\/wp\/v2\/types\/post"}],"author":[{"embeddable":true,"href":"https:\/\/www.ce-illkirch.fr\/wordpress\/wp-json\/wp\/v2\/users\/2"}],"replies":[{"embeddable":true,"href":"https:\/\/www.ce-illkirch.fr\/wordpress\/wp-json\/wp\/v2\/comments?post=27944"}],"version-history":[{"count":3,"href":"https:\/\/www.ce-illkirch.fr\/wordpress\/wp-json\/wp\/v2\/posts\/27944\/revisions"}],"predecessor-version":[{"id":27948,"href":"https:\/\/www.ce-illkirch.fr\/wordpress\/wp-json\/wp\/v2\/posts\/27944\/revisions\/27948"}],"wp:featuredmedia":[{"embeddable":true,"href":"https:\/\/www.ce-illkirch.fr\/wordpress\/wp-json\/wp\/v2\/media\/27945"}],"wp:attachment":[{"href":"https:\/\/www.ce-illkirch.fr\/wordpress\/wp-json\/wp\/v2\/media?parent=27944"}],"wp:term":[{"taxonomy":"category","embeddable":true,"href":"https:\/\/www.ce-illkirch.fr\/wordpress\/wp-json\/wp\/v2\/categories?post=27944"},{"taxonomy":"post_tag","embeddable":true,"href":"https:\/\/www.ce-illkirch.fr\/wordpress\/wp-json\/wp\/v2\/tags?post=27944"}],"curies":[{"name":"wp","href":"https:\/\/api.w.org\/{rel}","templated":true}]}}