{"id":28018,"date":"2026-03-16T14:37:48","date_gmt":"2026-03-16T13:37:48","guid":{"rendered":"https:\/\/www.ce-illkirch.fr\/wordpress\/?p=28018"},"modified":"2026-03-16T14:36:32","modified_gmt":"2026-03-16T13:36:32","slug":"cheques-cadeaux-cse-noel","status":"publish","type":"post","link":"https:\/\/www.ce-illkirch.fr\/wordpress\/2026\/03\/subventions-ce\/cheques-cadeaux-cse-noel\/","title":{"rendered":"Ch\u00e8ques cadeaux CSE No\u00ebl 2025"},"content":{"rendered":"<h2>Vous pouvez encore utiliser votre bon 2025 en billetterie du CSE jusqu&rsquo;au 31\/03\/2026.<\/h2>\n<p><strong>Valables en magasin jusque fin janvier 2026, puis en billetterie de f\u00e9vrier \u00e0 fin mars 2026.<\/strong><\/p>\n<p><em><span style=\"color: #0000ff;\">Le CSE a le plaisir de vous offrir les ch\u00e8ques cadeaux \u00e0 utiliser dans quelques magasins de la r\u00e9gion. <\/span>Le CSE choisit cette formule de ch\u00e8ques cadeaux afin de promouvoir les magasins locaux et de vous garantir ce montant avec les r\u00e9ductions n\u00e9goci\u00e9es. Si toutefois vous ne trouvez pas votre bonheur,\u00a0 ils sont \u00e9changeables en billetterie \u00e0 partir de f\u00e9vrier. <\/em><\/p>\n<p><em><span style=\"color: #0000ff;\">&#8211; un Ch\u00e8que Cadeau Personnel de 80 \u20ac (30 \u20ac et 50 \u20ac)<br \/>\n&#8211; un Ch\u00e8que Cadeau Enfant de 50 \u20ac par enfant 0-16 ans (20 \u20ac et 30 \u20ac). <\/span><\/em><\/p>\n<p><a href=\"https:\/\/www.ce-illkirch.fr\/wordpress\/subvention-ce\/\">R\u00e8gles d&rsquo;attribution<\/a> &#8211;\u00a0Les ch\u00e8ques cadeaux sont valables <strong>hors alimentaire et cartes cadeaux. <\/strong><em>Modalit\u00e9s d&rsquo;utilisation et liste compl\u00e8te des magasins : <a href=\"https:\/\/www.ce-illkirch.fr\/wordpress\/wp-content\/uploads\/2025\/10\/25lettreCKDO-1.pdf\">ici<\/a>. <\/em>Valables en magasins jusque fin janvier 2026.<\/p>\n<p>Nouveaut\u00e9s :<\/p>\n<ul>\n<li><strong>La Bi\u00e8rerie<\/strong> Illkirch<\/li>\n<li><strong>Le Caveau d&rsquo;Ostwald<\/strong><\/li>\n<li><a href=\"https:\/\/linosens.com\/\"><strong>L&rsquo;In\u00d4Sens<\/strong><\/a> (artisanat) Strasbourg<\/li>\n<\/ul>\n","protected":false},"excerpt":{"rendered":"<p>Vous pouvez encore utiliser votre bon 2025 en billetterie du CSE jusqu&rsquo;au 31\/03\/2026. Valables en magasin jusque fin janvier 2026, puis en billetterie de f\u00e9vrier \u00e0 fin mars 2026. Le [&hellip;]<\/p>\n","protected":false},"author":2,"featured_media":23912,"comment_status":"closed","ping_status":"open","sticky":false,"template":"","format":"standard","meta":{"footnotes":""},"categories":[33,35],"tags":[],"class_list":["post-28018","post","type-post","status-publish","format-standard","has-post-thumbnail","hentry","category-subventions-ce","category-top_a_la_une"],"publishpress_future_action":{"enabled":false,"date":"2026-05-08 12:33:01","action":"category","newStatus":"draft","terms":[],"taxonomy":"category","extraData":[]},"publishpress_future_workflow_manual_trigger":{"enabledWorkflows":[]},"_links":{"self":[{"href":"https:\/\/www.ce-illkirch.fr\/wordpress\/wp-json\/wp\/v2\/posts\/28018","targetHints":{"allow":["GET"]}}],"collection":[{"href":"https:\/\/www.ce-illkirch.fr\/wordpress\/wp-json\/wp\/v2\/posts"}],"about":[{"href":"https:\/\/www.ce-illkirch.fr\/wordpress\/wp-json\/wp\/v2\/types\/post"}],"author":[{"embeddable":true,"href":"https:\/\/www.ce-illkirch.fr\/wordpress\/wp-json\/wp\/v2\/users\/2"}],"replies":[{"embeddable":true,"href":"https:\/\/www.ce-illkirch.fr\/wordpress\/wp-json\/wp\/v2\/comments?post=28018"}],"version-history":[{"count":47,"href":"https:\/\/www.ce-illkirch.fr\/wordpress\/wp-json\/wp\/v2\/posts\/28018\/revisions"}],"predecessor-version":[{"id":39053,"href":"https:\/\/www.ce-illkirch.fr\/wordpress\/wp-json\/wp\/v2\/posts\/28018\/revisions\/39053"}],"wp:featuredmedia":[{"embeddable":true,"href":"https:\/\/www.ce-illkirch.fr\/wordpress\/wp-json\/wp\/v2\/media\/23912"}],"wp:attachment":[{"href":"https:\/\/www.ce-illkirch.fr\/wordpress\/wp-json\/wp\/v2\/media?parent=28018"}],"wp:term":[{"taxonomy":"category","embeddable":true,"href":"https:\/\/www.ce-illkirch.fr\/wordpress\/wp-json\/wp\/v2\/categories?post=28018"},{"taxonomy":"post_tag","embeddable":true,"href":"https:\/\/www.ce-illkirch.fr\/wordpress\/wp-json\/wp\/v2\/tags?post=28018"}],"curies":[{"name":"wp","href":"https:\/\/api.w.org\/{rel}","templated":true}]}}