{"id":2804,"date":"2010-10-09T10:22:38","date_gmt":"2010-10-09T08:22:38","guid":{"rendered":"http:\/\/www.ce-illkirch.fr\/wordpress\/?p=2804"},"modified":"2010-10-09T10:22:38","modified_gmt":"2010-10-09T08:22:38","slug":"elections-cedp-jeudi-21-octobre","status":"publish","type":"post","link":"https:\/\/www.ce-illkirch.fr\/wordpress\/2010\/10\/formation\/site-ale\/elections-cedp-jeudi-21-octobre\/","title":{"rendered":"Elections CE\/DP jeudi 21 octobre"},"content":{"rendered":"<p style=\"text-align: center;\">Les \u00e9lections CE\/DP ont eu lieu <strong>jeudi 21 octobre 2010.<\/strong><\/p>\n<p>La participation a d\u00e9pass\u00e9 70% dans les deux coll\u00e8ges. La liste des \u00e9lus a \u00e9t\u00e9 mise \u00e0 jour dans la rubrique INFOS-CE sur le site Intranet du CE http:\/\/ce-illkirch.<\/p>\n<p><strong>Si vous \u00eates int\u00e9ress\u00e9 par la participation \u00e0 une         commission du CE<\/strong>, contactez vos \u00e9lus. Les commissions sont ouvertes \u00e0 tous les salari\u00e9s ALE du site.<\/p>\n","protected":false},"excerpt":{"rendered":"<p>Les \u00e9lections CE\/DP ont eu lieu jeudi 21 octobre 2010. La participation a d\u00e9pass\u00e9 70% dans les deux coll\u00e8ges. La liste des \u00e9lus a \u00e9t\u00e9 mise \u00e0 jour dans la [&hellip;]<\/p>\n","protected":false},"author":1,"featured_media":0,"comment_status":"open","ping_status":"closed","sticky":false,"template":"","format":"standard","meta":{"footnotes":""},"categories":[32],"tags":[],"class_list":["post-2804","post","type-post","status-publish","format-standard","hentry","category-site-ale"],"publishpress_future_action":{"enabled":false,"date":"2026-05-07 20:00:33","action":"category","newStatus":"draft","terms":[],"taxonomy":"category","extraData":[]},"publishpress_future_workflow_manual_trigger":{"enabledWorkflows":[]},"_links":{"self":[{"href":"https:\/\/www.ce-illkirch.fr\/wordpress\/wp-json\/wp\/v2\/posts\/2804","targetHints":{"allow":["GET"]}}],"collection":[{"href":"https:\/\/www.ce-illkirch.fr\/wordpress\/wp-json\/wp\/v2\/posts"}],"about":[{"href":"https:\/\/www.ce-illkirch.fr\/wordpress\/wp-json\/wp\/v2\/types\/post"}],"author":[{"embeddable":true,"href":"https:\/\/www.ce-illkirch.fr\/wordpress\/wp-json\/wp\/v2\/users\/1"}],"replies":[{"embeddable":true,"href":"https:\/\/www.ce-illkirch.fr\/wordpress\/wp-json\/wp\/v2\/comments?post=2804"}],"version-history":[{"count":0,"href":"https:\/\/www.ce-illkirch.fr\/wordpress\/wp-json\/wp\/v2\/posts\/2804\/revisions"}],"wp:attachment":[{"href":"https:\/\/www.ce-illkirch.fr\/wordpress\/wp-json\/wp\/v2\/media?parent=2804"}],"wp:term":[{"taxonomy":"category","embeddable":true,"href":"https:\/\/www.ce-illkirch.fr\/wordpress\/wp-json\/wp\/v2\/categories?post=2804"},{"taxonomy":"post_tag","embeddable":true,"href":"https:\/\/www.ce-illkirch.fr\/wordpress\/wp-json\/wp\/v2\/tags?post=2804"}],"curies":[{"name":"wp","href":"https:\/\/api.w.org\/{rel}","templated":true}]}}