{"id":28124,"date":"2021-02-09T17:07:32","date_gmt":"2021-02-09T16:07:32","guid":{"rendered":"https:\/\/www.ce-illkirch.fr\/wordpress\/?p=28124"},"modified":"2023-02-16T16:50:16","modified_gmt":"2023-02-16T15:50:16","slug":"troc-graines-a-schaeffersheim-dimanche","status":"publish","type":"post","link":"https:\/\/www.ce-illkirch.fr\/wordpress\/2021\/02\/ecologie\/troc-graines-a-schaeffersheim-dimanche\/","title":{"rendered":"Troc graines \u00e0 Schaeffersheim dimanche"},"content":{"rendered":"<p>Bienvenue aux amoureux des jardins et \u00e0 tous les gens qui s\u00e8ment pour la sixi\u00e8me \u00e9dition du Troc Graines organis\u00e9 par les Eco-Citoyens d&rsquo;Erstein et Canop&rsquo;Terre.<\/p>\n<p>Compte tenu des conditions sanitaires, le Troc Graines ne peut pas se tenir cette ann\u00e9e en milieu ferm\u00e9. Il aura donc lieu <b>sous la halle du march\u00e9 de Schaeffersheim<\/b>, en respectant bien entendu toutes les mesures sanitaires en vigueur.<\/p>\n<p>Les \u00e9changes se font de gr\u00e9 \u00e0 gr\u00e9 ou \u00e0 l\u2019aide de la monnaie \u00e9ph\u00e9m\u00e8re du jour. On peut participer m\u00eame si l\u2019on a rien \u00e0 \u00e9changer.<\/p>\n<p><a href=\"https:\/\/www.ecocitoyens-erstein.fr\/\">http:\/\/www.ecocitoyens-erstein.fr\/<\/a><\/p>\n<blockquote class=\"wp-embedded-content\" data-secret=\"qavAPAFsaX\"><p><a href=\"https:\/\/canopterre.fr\/\">Jardin p\u00e9dagogique d\u00e9di\u00e9 \u00e0 l&rsquo;agro\u00e9cologie<\/a><\/p><\/blockquote>\n<p><iframe loading=\"lazy\" class=\"wp-embedded-content\" sandbox=\"allow-scripts\" security=\"restricted\" style=\"position: absolute; clip: rect(1px, 1px, 1px, 1px);\" title=\"\u00ab\u00a0Jardin p\u00e9dagogique d\u00e9di\u00e9 \u00e0 l&rsquo;agro\u00e9cologie\u00a0\u00bb &#8212; Canop&#039;Terre\" src=\"https:\/\/canopterre.fr\/embed\/#?secret=jDcPmaOE5v#?secret=qavAPAFsaX\" data-secret=\"qavAPAFsaX\" width=\"600\" height=\"338\" frameborder=\"0\" marginwidth=\"0\" marginheight=\"0\" scrolling=\"no\"><\/iframe><\/p>\n","protected":false},"excerpt":{"rendered":"<p>Bienvenue aux amoureux des jardins et \u00e0 tous les gens qui s\u00e8ment pour la sixi\u00e8me \u00e9dition du Troc Graines organis\u00e9 par les Eco-Citoyens d&rsquo;Erstein et Canop&rsquo;Terre. Compte tenu des conditions [&hellip;]<\/p>\n","protected":false},"author":7,"featured_media":28125,"comment_status":"closed","ping_status":"open","sticky":false,"template":"","format":"standard","meta":{"footnotes":""},"categories":[10,16],"tags":[],"class_list":["post-28124","post","type-post","status-publish","format-standard","has-post-thumbnail","hentry","category-ecologie","category-loisirs"],"publishpress_future_action":{"enabled":false,"date":"2026-05-07 10:24:46","action":"category","newStatus":"draft","terms":[],"taxonomy":"category","extraData":[]},"publishpress_future_workflow_manual_trigger":{"enabledWorkflows":[]},"_links":{"self":[{"href":"https:\/\/www.ce-illkirch.fr\/wordpress\/wp-json\/wp\/v2\/posts\/28124","targetHints":{"allow":["GET"]}}],"collection":[{"href":"https:\/\/www.ce-illkirch.fr\/wordpress\/wp-json\/wp\/v2\/posts"}],"about":[{"href":"https:\/\/www.ce-illkirch.fr\/wordpress\/wp-json\/wp\/v2\/types\/post"}],"author":[{"embeddable":true,"href":"https:\/\/www.ce-illkirch.fr\/wordpress\/wp-json\/wp\/v2\/users\/7"}],"replies":[{"embeddable":true,"href":"https:\/\/www.ce-illkirch.fr\/wordpress\/wp-json\/wp\/v2\/comments?post=28124"}],"version-history":[{"count":2,"href":"https:\/\/www.ce-illkirch.fr\/wordpress\/wp-json\/wp\/v2\/posts\/28124\/revisions"}],"predecessor-version":[{"id":32654,"href":"https:\/\/www.ce-illkirch.fr\/wordpress\/wp-json\/wp\/v2\/posts\/28124\/revisions\/32654"}],"wp:featuredmedia":[{"embeddable":true,"href":"https:\/\/www.ce-illkirch.fr\/wordpress\/wp-json\/wp\/v2\/media\/28125"}],"wp:attachment":[{"href":"https:\/\/www.ce-illkirch.fr\/wordpress\/wp-json\/wp\/v2\/media?parent=28124"}],"wp:term":[{"taxonomy":"category","embeddable":true,"href":"https:\/\/www.ce-illkirch.fr\/wordpress\/wp-json\/wp\/v2\/categories?post=28124"},{"taxonomy":"post_tag","embeddable":true,"href":"https:\/\/www.ce-illkirch.fr\/wordpress\/wp-json\/wp\/v2\/tags?post=28124"}],"curies":[{"name":"wp","href":"https:\/\/api.w.org\/{rel}","templated":true}]}}