{"id":28188,"date":"2021-03-26T11:27:08","date_gmt":"2021-03-26T10:27:08","guid":{"rendered":"https:\/\/www.ce-illkirch.fr\/wordpress\/?p=28188"},"modified":"2023-03-03T15:23:03","modified_gmt":"2023-03-03T14:23:03","slug":"solidarite-avec-les-etudiants-de-lunistra","status":"publish","type":"post","link":"https:\/\/www.ce-illkirch.fr\/wordpress\/2021\/03\/offres-commerciales\/solidarite-avec-les-etudiants-de-lunistra\/","title":{"rendered":"Solidarit\u00e9 avec les \u00e9tudiants de l&rsquo;Unistra"},"content":{"rendered":"<p><img loading=\"lazy\" decoding=\"async\" class=\" wp-image-28250 alignleft\" src=\"https:\/\/www.ce-illkirch.fr\/wordpress\/wp-content\/uploads\/IMG_1957-300x225.jpg\" alt=\"\" width=\"263\" height=\"197\" srcset=\"https:\/\/www.ce-illkirch.fr\/wordpress\/wp-content\/uploads\/IMG_1957-300x225.jpg 300w, https:\/\/www.ce-illkirch.fr\/wordpress\/wp-content\/uploads\/IMG_1957-768x576.jpg 768w, https:\/\/www.ce-illkirch.fr\/wordpress\/wp-content\/uploads\/IMG_1957-1024x768.jpg 1024w, https:\/\/www.ce-illkirch.fr\/wordpress\/wp-content\/uploads\/IMG_1957-110x83.jpg 110w, https:\/\/www.ce-illkirch.fr\/wordpress\/wp-content\/uploads\/IMG_1957-420x315.jpg 420w, https:\/\/www.ce-illkirch.fr\/wordpress\/wp-content\/uploads\/IMG_1957-573x430.jpg 573w\" sizes=\"auto, (max-width: 263px) 100vw, 263px\" \/><\/p>\n<p><img loading=\"lazy\" decoding=\"async\" class=\"wp-image-28330 alignleft\" src=\"https:\/\/www.ce-illkirch.fr\/wordpress\/wp-content\/uploads\/AFGES_IMG_20210316_164951-300x225.jpg\" alt=\"\" width=\"259\" height=\"194\" srcset=\"https:\/\/www.ce-illkirch.fr\/wordpress\/wp-content\/uploads\/AFGES_IMG_20210316_164951-300x225.jpg 300w, https:\/\/www.ce-illkirch.fr\/wordpress\/wp-content\/uploads\/AFGES_IMG_20210316_164951-768x576.jpg 768w, https:\/\/www.ce-illkirch.fr\/wordpress\/wp-content\/uploads\/AFGES_IMG_20210316_164951.jpg 1024w, https:\/\/www.ce-illkirch.fr\/wordpress\/wp-content\/uploads\/AFGES_IMG_20210316_164951-110x83.jpg 110w, https:\/\/www.ce-illkirch.fr\/wordpress\/wp-content\/uploads\/AFGES_IMG_20210316_164951-420x315.jpg 420w, https:\/\/www.ce-illkirch.fr\/wordpress\/wp-content\/uploads\/AFGES_IMG_20210316_164951-573x430.jpg 573w\" sizes=\"auto, (max-width: 259px) 100vw, 259px\" \/><\/p>\n<p><strong>le CSE ALE Illkirch a d\u00e9cid\u00e9 de soutenir l&rsquo;association des \u00e9tudiants, en cette p\u00e9riode difficile pour les \u00e9tudiants. Le CSE a vot\u00e9 ce mardi \u00e0 l\u2019unanimit\u00e9 l\u2019attribution d\u2019un don exceptionnel de 1880 \u20ac \u00e0 l\u2019AGORA\u00e9.<\/strong><\/p>\n<ul>\n<li>1\u00e8re livraison mardi 2\/03 par Patrick : 50 kg d&rsquo;oranges et environ 30 kg de denr\u00e9es.<\/li>\n<li>2\u00e8me livraison le 16\/03 par Agn\u00e8s : environ 25 kilos.<\/li>\n<li>3\u00e8me livraison le 24\/03 de mat\u00e9riel de bureau (classeurs, pochettes&#8230;)<\/li>\n<\/ul>\n<p>Merci pour vos dons !<\/p>\n<p>L&rsquo;AGORA\u00e9 cherche activement : huile &#8211; semoule, riz &#8211; chocolat- c\u00e9r\u00e9ales et produits pour le petit-d\u00e9jeuner (confitures, miel, jus, etc&#8230;) &lt;= tr\u00e8s demand\u00e9s &#8211; des produits laitiers (uniquement UHT) &#8211; des conserves (plats pr\u00e9par\u00e9s, fruits, l\u00e9gumes). PAS DE PATES (ils en ont eu \u00e9norm\u00e9ment). Pas de produits frais (pb de cha\u00eene du froid). r\u00e9colte au 1 bvd de la Victoire les lundis et mardis de 10h \u00e0 17h.<\/p>\n<p>Compte tenu de la crise sanitaire, et des d\u00e9penses bien moindres en voyages, loisirs, activit\u00e9s enfants, etc\u2026, le CSE a termin\u00e9 l\u2019exercice 2019-2020 en positif, contrairement \u00e0 ce qui \u00e9tait pr\u00e9vu au budget.<\/p>\n<p>Par ailleurs, les \u00e9tudiants souffrent durement de cette crise sanitaire et \u00e9conomique.<\/p>\n<p>En cons\u00e9quence, le CSE a d\u00e9cid\u00e9\u00a0:<\/p>\n<ul>\n<li>De distribuer aux salari\u00e9s un <strong>ch\u00e8que-culture<\/strong> exceptionnel de 50 \u20ac, voir l&rsquo;article d\u00e9taill\u00e9.<\/li>\n<li>De faire un <strong>don<\/strong> en faveur de l\u2019AGORA\u00e9\u00a0: l\u2019\u00e9picerie sociale de l\u2019Universit\u00e9 de Strasbourg <a href=\"https:\/\/afges.org\/agorae\/\">https:\/\/www.afges.org\/agorae\/<\/a><\/li>\n<li>De proposer aux salari\u00e9s de<strong> s\u2019associer \u00e0 ce geste de solidarit\u00e9<\/strong> en relayant l\u2019appel aux dons en nature (alimentaire, hygi\u00e8ne&#8230;) de l&rsquo;AGORA\u00e9<\/li>\n<\/ul>\n<p>Si vous souhaitez faire un <strong>don financier<\/strong> \u00e0 l&rsquo;AFGES, voici le <a href=\"https:\/\/www.ce-illkirch.fr\/wordpress\/wp-content\/uploads\/AFGES_RIB.pdf\">RIB de l&rsquo;association<\/a> et le <a href=\"https:\/\/www.ce-illkirch.fr\/wordpress\/wp-content\/uploads\/AFGES_Bulletin-de-don.pdf\">formulaire de don<\/a> afin de recevoir l&rsquo;attestation pour la d\u00e9duction d&rsquo;imp\u00f4t.<\/p>\n","protected":false},"excerpt":{"rendered":"<p>le CSE ALE Illkirch a d\u00e9cid\u00e9 de soutenir l&rsquo;association des \u00e9tudiants, en cette p\u00e9riode difficile pour les \u00e9tudiants. Le CSE a vot\u00e9 ce mardi \u00e0 l\u2019unanimit\u00e9 l\u2019attribution d\u2019un don exceptionnel [&hellip;]<\/p>\n","protected":false},"author":7,"featured_media":28189,"comment_status":"closed","ping_status":"open","sticky":false,"template":"","format":"standard","meta":{"footnotes":""},"categories":[106,21,33,40],"tags":[],"class_list":["post-28188","post","type-post","status-publish","format-standard","has-post-thumbnail","hentry","category-economique","category-offres-commerciales","category-subventions-ce","category-tresor"],"publishpress_future_action":{"enabled":false,"date":"2026-05-07 03:34:58","action":"category","newStatus":"draft","terms":[],"taxonomy":"category","extraData":[]},"publishpress_future_workflow_manual_trigger":{"enabledWorkflows":[]},"_links":{"self":[{"href":"https:\/\/www.ce-illkirch.fr\/wordpress\/wp-json\/wp\/v2\/posts\/28188","targetHints":{"allow":["GET"]}}],"collection":[{"href":"https:\/\/www.ce-illkirch.fr\/wordpress\/wp-json\/wp\/v2\/posts"}],"about":[{"href":"https:\/\/www.ce-illkirch.fr\/wordpress\/wp-json\/wp\/v2\/types\/post"}],"author":[{"embeddable":true,"href":"https:\/\/www.ce-illkirch.fr\/wordpress\/wp-json\/wp\/v2\/users\/7"}],"replies":[{"embeddable":true,"href":"https:\/\/www.ce-illkirch.fr\/wordpress\/wp-json\/wp\/v2\/comments?post=28188"}],"version-history":[{"count":28,"href":"https:\/\/www.ce-illkirch.fr\/wordpress\/wp-json\/wp\/v2\/posts\/28188\/revisions"}],"predecessor-version":[{"id":32773,"href":"https:\/\/www.ce-illkirch.fr\/wordpress\/wp-json\/wp\/v2\/posts\/28188\/revisions\/32773"}],"wp:featuredmedia":[{"embeddable":true,"href":"https:\/\/www.ce-illkirch.fr\/wordpress\/wp-json\/wp\/v2\/media\/28189"}],"wp:attachment":[{"href":"https:\/\/www.ce-illkirch.fr\/wordpress\/wp-json\/wp\/v2\/media?parent=28188"}],"wp:term":[{"taxonomy":"category","embeddable":true,"href":"https:\/\/www.ce-illkirch.fr\/wordpress\/wp-json\/wp\/v2\/categories?post=28188"},{"taxonomy":"post_tag","embeddable":true,"href":"https:\/\/www.ce-illkirch.fr\/wordpress\/wp-json\/wp\/v2\/tags?post=28188"}],"curies":[{"name":"wp","href":"https:\/\/api.w.org\/{rel}","templated":true}]}}