{"id":28363,"date":"2021-04-07T18:05:56","date_gmt":"2021-04-07T16:05:56","guid":{"rendered":"https:\/\/www.ce-illkirch.fr\/wordpress\/?p=28363"},"modified":"2023-02-16T16:50:16","modified_gmt":"2023-02-16T15:50:16","slug":"asali-courses-landsberg-2-25-avril","status":"publish","type":"post","link":"https:\/\/www.ce-illkirch.fr\/wordpress\/2021\/04\/non-classe\/asali-courses-landsberg-2-25-avril\/","title":{"rendered":"Asali : Courses Landsberg 2 avril -19 mai"},"content":{"rendered":"<ul>\n<li><strong>Info du 6\/04 :<\/strong> Le challenge a maintenant d\u00e9marr\u00e9 depuis quelques jours et certaines ou certains ont peut-\u00eatre d\u00e9j\u00e0 (re)mis les baskets pour aller sur le parcours.<\/li>\n<\/ul>\n<p>Depuis les derni\u00e8res annonces gouvernementales et la r\u00e8gle des 10km vous avez d\u00fb penser encore une occasion qui nous file entre les doigts de pouvoir trailer. Et bien NON, la t\u00e9nacit\u00e9 des organisateurs \u00e9tant de mise, ils ont d\u00e9cid\u00e9 de le prolonger jusqu\u2019au <strong>19 mai 2021<\/strong>, donc rien ne devrait vous retenir.<\/p>\n<p>Vous pouvez encore vous inscrire pour faire partie de celles ou ceux ayant choisi de le faire.<\/p>\n<p>C\u2019est \u00e9galement une fa\u00e7on de les soutenir dans tous les efforts qu\u2019ils ont d\u00e9ploy\u00e9 pour que l\u2019\u00e9v\u00e8nement ait lieu, d\u2019autant que de petits plaisantins pour ne pas dire autres choses se sont amus\u00e9s \u00e0 d\u00e9baliser le parcours (il sera remis en place).<\/p>\n<ul>\n<li><strong>Info 25\/03 :<\/strong> Je vous propose aujourd\u2019hui une formule la course-trail\u00a0 \u00e0 parcourir individuellement .<\/li>\n<\/ul>\n<p>La Landsberg en challenge \u00e0 parcourir en individuel <strong>entre le 2 et le 25 avril inclus<\/strong><\/p>\n<p>Pour plus d\u2019info\u00a0: https:\/\/www.sporkrono.fr\/event\/la-landsberg-2-0-challenge-credit-mutuel\/<\/p>\n<p><em>Un parcours balis\u00e9 sur les hauteurs de Barr de 13,4km et 504m D+&#8230; L&rsquo;application SPORKRONO pour vous suivre \u00e0 la trace&#8230; Pour le reste, c&rsquo;est \u00e0 vous de jouer. Que ce soit le matin ou l&rsquo;apr\u00e8s-midi, en semaine ou le week-end, vous pouvez vous challenger sur cette \u00e9preuve virtuelle sur un parcours r\u00e9el o\u00f9 le classement sera mis \u00e0 jour en temps r\u00e9el.<\/em><\/p>\n<p><em>Dossard personnalis\u00e9, suivi live, classement en temps r\u00e9el, dipl\u00f4me finisher&#8230; Une mani\u00e8re de go\u00fbter \u00e0 nouveau au plaisir de se d\u00e9passer tout en se challengeant avec d&rsquo;autres coureurs dans le respect des r\u00e8gles en vigueur !<\/em><\/p>\n<p><strong>Pour vous inscrire\u00a0, il suffira de me remplir les donn\u00e9es du tableau ci-dessous. <\/strong><\/p>\n<p>(*) Date pr\u00e9vue pour la participation\u00a0: Entre le 2 et le 25 avril par demi-journ\u00e9e (matin ou apr\u00e8s-midi) . Exemple\u00a0: 14 avril apr\u00e8s-midi<\/p>\n<p>Cette date est modifiable apr\u00e8s inscription, dans la limite d\u2019un nombre de participants max par demi-journ\u00e9e.<\/p>\n<p><strong>Vous pouvez vous inscrire d\u00e8s \u00e0 pr\u00e9sent et jusqu\u2019au 23 avril. <\/strong>L\u2019inscription sera prise en charge par ASALI.<\/p>\n<p>&nbsp;<\/p>\n<table style=\"height: 162px;\" width=\"657\">\n<tbody>\n<tr>\n<td width=\"125\">Nom<\/td>\n<td width=\"125\">Pr\u00e9nom<\/td>\n<td width=\"125\">Date de Naissance<\/p>\n<p>Jj\/mm\/aaaa<\/td>\n<td width=\"125\">Adresse mail<\/td>\n<td width=\"125\">Date pr\u00e9vue de participation (*)<\/td>\n<\/tr>\n<tr>\n<td width=\"125\"><\/td>\n<td width=\"125\"><\/td>\n<td width=\"125\"><\/td>\n<td width=\"125\"><\/td>\n<td width=\"125\"><\/td>\n<\/tr>\n<\/tbody>\n<\/table>\n<p>&nbsp;<\/p>\n<p>Si vous \u00eates d\u00e9j\u00e0 inscrit vous pouvez envoyer votre facture \u00e0 C\u00e9line du CSE pour la prise en charge.<\/p>\n<p>Claude Schmitt<\/p>\n","protected":false},"excerpt":{"rendered":"<p>Info du 6\/04 : Le challenge a maintenant d\u00e9marr\u00e9 depuis quelques jours et certaines ou certains ont peut-\u00eatre d\u00e9j\u00e0 (re)mis les baskets pour aller sur le parcours. Depuis les derni\u00e8res [&hellip;]<\/p>\n","protected":false},"author":2,"featured_media":28375,"comment_status":"closed","ping_status":"open","sticky":false,"template":"","format":"standard","meta":{"footnotes":""},"categories":[45,1,29],"tags":[],"class_list":["post-28363","post","type-post","status-publish","format-standard","has-post-thumbnail","hentry","category-athle","category-non-classe","category-scabsi"],"publishpress_future_action":{"enabled":false,"date":"2026-05-07 06:00:26","action":"category","newStatus":"draft","terms":[],"taxonomy":"category","extraData":[]},"publishpress_future_workflow_manual_trigger":{"enabledWorkflows":[]},"_links":{"self":[{"href":"https:\/\/www.ce-illkirch.fr\/wordpress\/wp-json\/wp\/v2\/posts\/28363","targetHints":{"allow":["GET"]}}],"collection":[{"href":"https:\/\/www.ce-illkirch.fr\/wordpress\/wp-json\/wp\/v2\/posts"}],"about":[{"href":"https:\/\/www.ce-illkirch.fr\/wordpress\/wp-json\/wp\/v2\/types\/post"}],"author":[{"embeddable":true,"href":"https:\/\/www.ce-illkirch.fr\/wordpress\/wp-json\/wp\/v2\/users\/2"}],"replies":[{"embeddable":true,"href":"https:\/\/www.ce-illkirch.fr\/wordpress\/wp-json\/wp\/v2\/comments?post=28363"}],"version-history":[{"count":9,"href":"https:\/\/www.ce-illkirch.fr\/wordpress\/wp-json\/wp\/v2\/posts\/28363\/revisions"}],"predecessor-version":[{"id":32656,"href":"https:\/\/www.ce-illkirch.fr\/wordpress\/wp-json\/wp\/v2\/posts\/28363\/revisions\/32656"}],"wp:featuredmedia":[{"embeddable":true,"href":"https:\/\/www.ce-illkirch.fr\/wordpress\/wp-json\/wp\/v2\/media\/28375"}],"wp:attachment":[{"href":"https:\/\/www.ce-illkirch.fr\/wordpress\/wp-json\/wp\/v2\/media?parent=28363"}],"wp:term":[{"taxonomy":"category","embeddable":true,"href":"https:\/\/www.ce-illkirch.fr\/wordpress\/wp-json\/wp\/v2\/categories?post=28363"},{"taxonomy":"post_tag","embeddable":true,"href":"https:\/\/www.ce-illkirch.fr\/wordpress\/wp-json\/wp\/v2\/tags?post=28363"}],"curies":[{"name":"wp","href":"https:\/\/api.w.org\/{rel}","templated":true}]}}