{"id":28504,"date":"2021-04-29T16:04:10","date_gmt":"2021-04-29T14:04:10","guid":{"rendered":"https:\/\/www.ce-illkirch.fr\/wordpress\/?p=28504"},"modified":"2021-05-17T14:59:36","modified_gmt":"2021-05-17T12:59:36","slug":"courses-cezam-du-3-au-12-05-21","status":"publish","type":"post","link":"https:\/\/www.ce-illkirch.fr\/wordpress\/2021\/04\/scabsi\/courses-cezam-du-3-au-12-05-21\/","title":{"rendered":"courses C\u00e9zam du 3 au 12\/05\/21"},"content":{"rendered":"<p><strong>La course connect\u00e9e Cezam est d\u00e9sormais EN LIGNE\u00a0!<\/strong><\/p>\n<p>\u0084\u00a0 <strong>5 ou 10 kms, en marche ou course \u00e0 pied au profit d\u2019Habitat et Humanisme.<\/strong><\/p>\n<p>Les inscriptions sont d\u2019ores et d\u00e9j\u00e0 ouvertes\u00a0 (8\u20ac\/inscription), avec de nombreux lots \u00e0 gagner sur chaque d\u00e9fi, dont 1 semaine de vacances et des entr\u00e9es Europa Park<\/p>\n<p><a href=\"https:\/\/www.cezam.fr\/evenement-cezam-100-digital\/course-connectee\">https:\/\/www.cezam.fr\/evenement-cezam-100-digital\/course-connectee<\/a><\/p>\n<p>Chacun est invit\u00e9 \u00e0 marcher ou courir, o\u00f9 et quand ils le souhaitent, et ce pendant les 10 jours de l\u2019Ev\u00e9nement du 3 au 12 mai 2021<\/p>\n<p>Les frais d&rsquo;inscription 8\u20ac sont rembours\u00e9s par ASALI sur pr\u00e9sentation de facture au CSE<\/p>\n","protected":false},"excerpt":{"rendered":"<p>La course connect\u00e9e Cezam est d\u00e9sormais EN LIGNE\u00a0! \u0084\u00a0 5 ou 10 kms, en marche ou course \u00e0 pied au profit d\u2019Habitat et Humanisme. Les inscriptions sont d\u2019ores et d\u00e9j\u00e0 [&hellip;]<\/p>\n","protected":false},"author":2,"featured_media":28506,"comment_status":"closed","ping_status":"open","sticky":false,"template":"","format":"standard","meta":{"footnotes":""},"categories":[45,29],"tags":[],"class_list":["post-28504","post","type-post","status-publish","format-standard","has-post-thumbnail","hentry","category-athle","category-scabsi"],"publishpress_future_action":{"enabled":false,"date":"2026-05-07 06:00:24","action":"category","newStatus":"draft","terms":[],"taxonomy":"category","extraData":[]},"publishpress_future_workflow_manual_trigger":{"enabledWorkflows":[]},"_links":{"self":[{"href":"https:\/\/www.ce-illkirch.fr\/wordpress\/wp-json\/wp\/v2\/posts\/28504","targetHints":{"allow":["GET"]}}],"collection":[{"href":"https:\/\/www.ce-illkirch.fr\/wordpress\/wp-json\/wp\/v2\/posts"}],"about":[{"href":"https:\/\/www.ce-illkirch.fr\/wordpress\/wp-json\/wp\/v2\/types\/post"}],"author":[{"embeddable":true,"href":"https:\/\/www.ce-illkirch.fr\/wordpress\/wp-json\/wp\/v2\/users\/2"}],"replies":[{"embeddable":true,"href":"https:\/\/www.ce-illkirch.fr\/wordpress\/wp-json\/wp\/v2\/comments?post=28504"}],"version-history":[{"count":1,"href":"https:\/\/www.ce-illkirch.fr\/wordpress\/wp-json\/wp\/v2\/posts\/28504\/revisions"}],"predecessor-version":[{"id":28507,"href":"https:\/\/www.ce-illkirch.fr\/wordpress\/wp-json\/wp\/v2\/posts\/28504\/revisions\/28507"}],"wp:featuredmedia":[{"embeddable":true,"href":"https:\/\/www.ce-illkirch.fr\/wordpress\/wp-json\/wp\/v2\/media\/28506"}],"wp:attachment":[{"href":"https:\/\/www.ce-illkirch.fr\/wordpress\/wp-json\/wp\/v2\/media?parent=28504"}],"wp:term":[{"taxonomy":"category","embeddable":true,"href":"https:\/\/www.ce-illkirch.fr\/wordpress\/wp-json\/wp\/v2\/categories?post=28504"},{"taxonomy":"post_tag","embeddable":true,"href":"https:\/\/www.ce-illkirch.fr\/wordpress\/wp-json\/wp\/v2\/tags?post=28504"}],"curies":[{"name":"wp","href":"https:\/\/api.w.org\/{rel}","templated":true}]}}