{"id":28595,"date":"2021-05-20T11:44:35","date_gmt":"2021-05-20T09:44:35","guid":{"rendered":"https:\/\/www.ce-illkirch.fr\/wordpress\/?p=28595"},"modified":"2021-05-20T11:47:50","modified_gmt":"2021-05-20T09:47:50","slug":"emploi-animateurs-colos-recherche-de-jeunes-en-juillet","status":"publish","type":"post","link":"https:\/\/www.ce-illkirch.fr\/wordpress\/2021\/05\/53\/emploi-animateurs-colos-recherche-de-jeunes-en-juillet\/","title":{"rendered":"Emploi Animateurs Colos : recherche de jeunes en juillet"},"content":{"rendered":"<ul>\n<li><strong>Emploi jeunes animateurs : <\/strong>Directrice \u00e0 Aubure &#x2600;&#xfe0f;(Alsace), avec les PEP, cet \u00e9t\u00e9 tout le mois de juillet je suis \u00e0 la recherche de :- animateurs\/trices pour un public d&rsquo;enfants de 6 \u00e0 11 ans- d&rsquo;un adjoint ou adjointe (bafd ou exp\u00e9rience serait un plus)- d&rsquo;un ou une AS\n<p>Ce sont des contrats cee : animateurs bafa 35,05 \u20ac, adjoint(e) 40,20\u20ac et AS 38,20\u20ac. Possibilit\u00e9 de faire les deux s\u00e9jours ou un seul.<\/p>\n<p>Les dates\u00a0:\u00a0 premier s\u00e9jour\u00a0du 06\/07 jusqu&rsquo;au 18\/07 &#8211; le second du 17\/07 au 30\/07<\/p>\n<p>Si vous \u00eates motiv\u00e9 et cr\u00e9atif, n&rsquo;h\u00e9sitez pas \u00e0 me contacter pour en savoir plus !<\/p>\n<p><strong>Mme Marika Botti :\u00a0 Votre future directrice ! &#x1f601;Contact\u00a0:\u00a0 <\/strong><a href=\"mailto:marikabti@gmail.com\"><strong>marikabti@gmail.com<\/strong><\/a><\/li>\n<\/ul>\n","protected":false},"excerpt":{"rendered":"<p>Emploi jeunes animateurs : Directrice \u00e0 Aubure &#x2600;&#xfe0f;(Alsace), avec les PEP, cet \u00e9t\u00e9 tout le mois de juillet je suis \u00e0 la recherche de :- animateurs\/trices pour un public d&rsquo;enfants [&hellip;]<\/p>\n","protected":false},"author":2,"featured_media":28599,"comment_status":"closed","ping_status":"open","sticky":false,"template":"","format":"standard","meta":{"footnotes":""},"categories":[4,8,21],"tags":[],"class_list":["post-28595","post","type-post","status-publish","format-standard","has-post-thumbnail","hentry","category-4","category-colonies-de-vacances-53","category-offres-commerciales"],"publishpress_future_action":{"enabled":false,"date":"2026-05-07 00:56:46","action":"category","newStatus":"draft","terms":[],"taxonomy":"category","extraData":[]},"publishpress_future_workflow_manual_trigger":{"enabledWorkflows":[]},"_links":{"self":[{"href":"https:\/\/www.ce-illkirch.fr\/wordpress\/wp-json\/wp\/v2\/posts\/28595","targetHints":{"allow":["GET"]}}],"collection":[{"href":"https:\/\/www.ce-illkirch.fr\/wordpress\/wp-json\/wp\/v2\/posts"}],"about":[{"href":"https:\/\/www.ce-illkirch.fr\/wordpress\/wp-json\/wp\/v2\/types\/post"}],"author":[{"embeddable":true,"href":"https:\/\/www.ce-illkirch.fr\/wordpress\/wp-json\/wp\/v2\/users\/2"}],"replies":[{"embeddable":true,"href":"https:\/\/www.ce-illkirch.fr\/wordpress\/wp-json\/wp\/v2\/comments?post=28595"}],"version-history":[{"count":3,"href":"https:\/\/www.ce-illkirch.fr\/wordpress\/wp-json\/wp\/v2\/posts\/28595\/revisions"}],"predecessor-version":[{"id":28600,"href":"https:\/\/www.ce-illkirch.fr\/wordpress\/wp-json\/wp\/v2\/posts\/28595\/revisions\/28600"}],"wp:featuredmedia":[{"embeddable":true,"href":"https:\/\/www.ce-illkirch.fr\/wordpress\/wp-json\/wp\/v2\/media\/28599"}],"wp:attachment":[{"href":"https:\/\/www.ce-illkirch.fr\/wordpress\/wp-json\/wp\/v2\/media?parent=28595"}],"wp:term":[{"taxonomy":"category","embeddable":true,"href":"https:\/\/www.ce-illkirch.fr\/wordpress\/wp-json\/wp\/v2\/categories?post=28595"},{"taxonomy":"post_tag","embeddable":true,"href":"https:\/\/www.ce-illkirch.fr\/wordpress\/wp-json\/wp\/v2\/tags?post=28595"}],"curies":[{"name":"wp","href":"https:\/\/api.w.org\/{rel}","templated":true}]}}