{"id":28673,"date":"2023-09-24T10:00:34","date_gmt":"2023-09-24T08:00:34","guid":{"rendered":"https:\/\/www.ce-illkirch.fr\/wordpress\/?p=28673"},"modified":"2023-09-24T10:58:30","modified_gmt":"2023-09-24T08:58:30","slug":"medaille-du-travail","status":"publish","type":"post","link":"https:\/\/www.ce-illkirch.fr\/wordpress\/2023\/09\/formation\/medaille-du-travail\/","title":{"rendered":"M\u00e9daille du travail"},"content":{"rendered":"<p>Pour les candidats r\u00e9sidant dans le Bas-Rhin, les dossiers doivent \u00eatre t\u00e9l\u00e9transmis au moyen du site <b><i>\u00ab<\/i><a href=\"https:\/\/www.demarches-simplifiees.fr\/commencer\/mhtravail\">d\u00e9marches-simplifi\u00e9es<\/a><i>\u00bb\u00a0 <\/i><\/b><i>avant<\/i><i> le <\/i><b><i>15 octobre 2023 <\/i><\/b><i>(dernier jour de d\u00e9p\u00f4t) <\/i><i>pour la <\/i><b><i>promotion<\/i> <\/b><em>du <b>1er janvier 2024.<\/b><\/em><\/p>\n<p>La m\u00e9daille d&rsquo;honneur du travail comprend quatre \u00e9chelons :<\/p>\n<ul>\n<li>la m\u00e9daille d\u2019argent, accord\u00e9e apr\u00e8s 20 ans de services ;<\/li>\n<li>la m\u00e9daille de vermeil,\u00a0 accord\u00e9e apr\u00e8s 30 ans de services\u00a0;<\/li>\n<li>la m\u00e9daille d\u2019or, accord\u00e9e apr\u00e8s 35 ans de services\u00a0;<\/li>\n<li>la m\u00e9daille Grand Or, accord\u00e9e apr\u00e8s 40 ans de services.<\/li>\n<\/ul>\n<p class=\" text-justify\">L\u2019anciennet\u00e9 s\u2019appr\u00e9cie \u00e0 la date de la promotion.<\/p>\n<p><a href=\"https:\/\/www.bas-rhin.gouv.fr\/layout\/set\/print\/Services-de-l-Etat\/Distinctions-honorifiques\/Medaille-d-Honneur-du-Travail\" target=\"_blank\" rel=\"noopener\">D\u00e9marches<\/a><\/p>\n<p><span id=\"page42R_mcid23\" class=\"markedContent\"><span dir=\"ltr\">La prime correspondant au niveau de dipl\u00f4me vous sera vers\u00e9e par ALE sur votre paie du mois suivant <\/span><span dir=\"ltr\">(au prorata du nombre d\u2019ann\u00e9es de pr\u00e9sence dans le Groupe <\/span><span dir=\"ltr\">Alcatel<\/span><span dir=\"ltr\">&#8211;<\/span><span dir=\"ltr\">Lucent) :<\/span><\/span><\/p>\n<ul>\n<li><span id=\"page42R_mcid23\" class=\"markedContent\"><\/span><span id=\"page42R_mcid25\" class=\"markedContent\"><span dir=\"ltr\">M\u00e9daille d\u2019argent: 33% du salaire mensuel<\/span><\/span><\/li>\n<li><span id=\"page42R_mcid26\" class=\"markedContent\"><span dir=\"ltr\">M\u00e9daille de vermeil : 80% du salaire mensuel<\/span><\/span><\/li>\n<li><span id=\"page42R_mcid27\" class=\"markedContent\"><span dir=\"ltr\">M\u00e9daille d\u2019or : 100% du salaire mensuel<\/span><\/span><\/li>\n<li><span id=\"page42R_mcid28\" class=\"markedContent\"><span dir=\"ltr\">M\u00e9daille Grand Or : 100% du salaire mensuel<\/span><\/span><\/li>\n<\/ul>\n<p>Nota : demandez-les au fur et \u00e0 mesure que vous y avez droit. Evitez d&rsquo;en demander deux d&rsquo;un coup : on ne vous paierait que la plus grosse des deux primes&#8230;<\/p>\n","protected":false},"excerpt":{"rendered":"<p>Pour les candidats r\u00e9sidant dans le Bas-Rhin, les dossiers doivent \u00eatre t\u00e9l\u00e9transmis au moyen du site \u00abd\u00e9marches-simplifi\u00e9es\u00bb\u00a0 avant le 15 octobre 2023 (dernier jour de d\u00e9p\u00f4t) pour la promotion du [&hellip;]<\/p>\n","protected":false},"author":2,"featured_media":28674,"comment_status":"closed","ping_status":"open","sticky":false,"template":"","format":"standard","meta":{"footnotes":""},"categories":[106,12,35,41],"tags":[],"class_list":["post-28673","post","type-post","status-publish","format-standard","has-post-thumbnail","hentry","category-economique","category-formation","category-top_a_la_une","category-trucs-et-astuces"],"publishpress_future_action":{"enabled":false,"date":"2026-05-07 00:23:02","action":"category","newStatus":"draft","terms":[],"taxonomy":"category","extraData":[]},"publishpress_future_workflow_manual_trigger":{"enabledWorkflows":[]},"_links":{"self":[{"href":"https:\/\/www.ce-illkirch.fr\/wordpress\/wp-json\/wp\/v2\/posts\/28673","targetHints":{"allow":["GET"]}}],"collection":[{"href":"https:\/\/www.ce-illkirch.fr\/wordpress\/wp-json\/wp\/v2\/posts"}],"about":[{"href":"https:\/\/www.ce-illkirch.fr\/wordpress\/wp-json\/wp\/v2\/types\/post"}],"author":[{"embeddable":true,"href":"https:\/\/www.ce-illkirch.fr\/wordpress\/wp-json\/wp\/v2\/users\/2"}],"replies":[{"embeddable":true,"href":"https:\/\/www.ce-illkirch.fr\/wordpress\/wp-json\/wp\/v2\/comments?post=28673"}],"version-history":[{"count":10,"href":"https:\/\/www.ce-illkirch.fr\/wordpress\/wp-json\/wp\/v2\/posts\/28673\/revisions"}],"predecessor-version":[{"id":33932,"href":"https:\/\/www.ce-illkirch.fr\/wordpress\/wp-json\/wp\/v2\/posts\/28673\/revisions\/33932"}],"wp:featuredmedia":[{"embeddable":true,"href":"https:\/\/www.ce-illkirch.fr\/wordpress\/wp-json\/wp\/v2\/media\/28674"}],"wp:attachment":[{"href":"https:\/\/www.ce-illkirch.fr\/wordpress\/wp-json\/wp\/v2\/media?parent=28673"}],"wp:term":[{"taxonomy":"category","embeddable":true,"href":"https:\/\/www.ce-illkirch.fr\/wordpress\/wp-json\/wp\/v2\/categories?post=28673"},{"taxonomy":"post_tag","embeddable":true,"href":"https:\/\/www.ce-illkirch.fr\/wordpress\/wp-json\/wp\/v2\/tags?post=28673"}],"curies":[{"name":"wp","href":"https:\/\/api.w.org\/{rel}","templated":true}]}}