{"id":28713,"date":"2021-06-14T10:53:04","date_gmt":"2021-06-14T08:53:04","guid":{"rendered":"https:\/\/www.ce-illkirch.fr\/wordpress\/?p=28713"},"modified":"2021-08-19T16:36:21","modified_gmt":"2021-08-19T14:36:21","slug":"formation-compte-dif-ne-perdez-pas-vos-heures","status":"publish","type":"post","link":"https:\/\/www.ce-illkirch.fr\/wordpress\/2021\/06\/formation\/formation-compte-dif-ne-perdez-pas-vos-heures\/","title":{"rendered":"Formation : compte DIF ne perdez pas vos heures"},"content":{"rendered":"<p><img loading=\"lazy\" decoding=\"async\" class=\"alignnone size-medium wp-image-28714\" src=\"https:\/\/www.ce-illkirch.fr\/wordpress\/wp-content\/uploads\/compteur_dif.svg\" alt=\"\" width=\"1\" height=\"1\" \/>Le site <a href=\"https:\/\/www.moncompteformation.gouv.fr\/espace-prive\/html\/#\/\">moncompteformation.gouv.fr<\/a> est op\u00e9rationnel. <strong>A saisir avant fin juin<\/strong> <strong>2021 <\/strong>: le nombre d\u2019heures DIF qui figure sur votre feuille de paie de janvier 2015.<\/p>\n<p><span class=\"semi-bold\">A<em>lerte \u00e0 la fraude !<\/em><\/span><\/p>\n<section><em>Pour utiliser votre compte formation un seul site officiel moncompteformation.gouv.fr. Pour \u00e9viter d&rsquo;\u00eatre pirat\u00e9, ne communiquez jamais vos identifiants (num\u00e9ro de s\u00e9curit\u00e9 sociale ou mot de passe). Vous devez rester\u00a0seul \u00e0 acc\u00e9der \u00e0 votre compte ! Dans le cas contraire, vos droits \u00e0 formation pourraient \u00eatre pirat\u00e9s ! Soyez attentifs aux tentatives d&rsquo;arnaques (sollicitations r\u00e9p\u00e9t\u00e9es, parrainages, offres d&#8217;emploi trompeuses) ! Nous comptons sur votre vigilance. <a title=\"https:\/\/www.moncompteformation.gouv.fr\/espace-public\/cybermalveillancegouvfr-et-la-caisse-des-depots-sassocient-pour-lutter-contre-la-fraude\" href=\"https:\/\/www.moncompteformation.gouv.fr\/espace-public\/cybermalveillancegouvfr-et-la-caisse-des-depots-sassocient-pour-lutter-contre-la-fraude\">En savoir plus<\/a><\/em>&nbsp;<\/p>\n<\/section>\n","protected":false},"excerpt":{"rendered":"<p>Le site moncompteformation.gouv.fr est op\u00e9rationnel. A saisir avant fin juin 2021 : le nombre d\u2019heures DIF qui figure sur votre feuille de paie de janvier 2015. Alerte \u00e0 la fraude [&hellip;]<\/p>\n","protected":false},"author":2,"featured_media":28715,"comment_status":"closed","ping_status":"open","sticky":false,"template":"","format":"standard","meta":{"footnotes":""},"categories":[12,32],"tags":[],"class_list":["post-28713","post","type-post","status-publish","format-standard","has-post-thumbnail","hentry","category-formation","category-site-ale"],"publishpress_future_action":{"enabled":false,"date":"2026-05-07 15:21:07","action":"category","newStatus":"draft","terms":[],"taxonomy":"category","extraData":[]},"publishpress_future_workflow_manual_trigger":{"enabledWorkflows":[]},"_links":{"self":[{"href":"https:\/\/www.ce-illkirch.fr\/wordpress\/wp-json\/wp\/v2\/posts\/28713","targetHints":{"allow":["GET"]}}],"collection":[{"href":"https:\/\/www.ce-illkirch.fr\/wordpress\/wp-json\/wp\/v2\/posts"}],"about":[{"href":"https:\/\/www.ce-illkirch.fr\/wordpress\/wp-json\/wp\/v2\/types\/post"}],"author":[{"embeddable":true,"href":"https:\/\/www.ce-illkirch.fr\/wordpress\/wp-json\/wp\/v2\/users\/2"}],"replies":[{"embeddable":true,"href":"https:\/\/www.ce-illkirch.fr\/wordpress\/wp-json\/wp\/v2\/comments?post=28713"}],"version-history":[{"count":2,"href":"https:\/\/www.ce-illkirch.fr\/wordpress\/wp-json\/wp\/v2\/posts\/28713\/revisions"}],"predecessor-version":[{"id":28722,"href":"https:\/\/www.ce-illkirch.fr\/wordpress\/wp-json\/wp\/v2\/posts\/28713\/revisions\/28722"}],"wp:featuredmedia":[{"embeddable":true,"href":"https:\/\/www.ce-illkirch.fr\/wordpress\/wp-json\/wp\/v2\/media\/28715"}],"wp:attachment":[{"href":"https:\/\/www.ce-illkirch.fr\/wordpress\/wp-json\/wp\/v2\/media?parent=28713"}],"wp:term":[{"taxonomy":"category","embeddable":true,"href":"https:\/\/www.ce-illkirch.fr\/wordpress\/wp-json\/wp\/v2\/categories?post=28713"},{"taxonomy":"post_tag","embeddable":true,"href":"https:\/\/www.ce-illkirch.fr\/wordpress\/wp-json\/wp\/v2\/tags?post=28713"}],"curies":[{"name":"wp","href":"https:\/\/api.w.org\/{rel}","templated":true}]}}