{"id":28832,"date":"2021-07-05T11:40:49","date_gmt":"2021-07-05T09:40:49","guid":{"rendered":"https:\/\/www.ce-illkirch.fr\/wordpress\/?p=28832"},"modified":"2021-07-12T15:09:12","modified_gmt":"2021-07-12T13:09:12","slug":"lacces-nord-est-ouvert","status":"publish","type":"post","link":"https:\/\/www.ce-illkirch.fr\/wordpress\/2021\/07\/acces-au-ce\/lacces-nord-est-ouvert\/","title":{"rendered":"L&rsquo;acc\u00e8s Nord est ouvert"},"content":{"rendered":"<p>Depuis le 1er juillet , l&rsquo;acc\u00e8s par le parking Nord est de nouveau ouvert. Gel et masques sont \u00e0 disposition \u00e0 l&rsquo;entr\u00e9e.<\/p>\n","protected":false},"excerpt":{"rendered":"<p>Depuis le 1er juillet , l&rsquo;acc\u00e8s par le parking Nord est de nouveau ouvert. Gel et masques sont \u00e0 disposition \u00e0 l&rsquo;entr\u00e9e.<\/p>\n","protected":false},"author":7,"featured_media":28843,"comment_status":"closed","ping_status":"open","sticky":false,"template":"","format":"standard","meta":{"footnotes":""},"categories":[3,39],"tags":[],"class_list":["post-28832","post","type-post","status-publish","format-standard","has-post-thumbnail","hentry","category-acces-au-ce","category-transport"],"publishpress_future_action":{"enabled":false,"date":"2026-05-07 08:58:16","action":"category","newStatus":"draft","terms":[],"taxonomy":"category","extraData":[]},"publishpress_future_workflow_manual_trigger":{"enabledWorkflows":[]},"_links":{"self":[{"href":"https:\/\/www.ce-illkirch.fr\/wordpress\/wp-json\/wp\/v2\/posts\/28832","targetHints":{"allow":["GET"]}}],"collection":[{"href":"https:\/\/www.ce-illkirch.fr\/wordpress\/wp-json\/wp\/v2\/posts"}],"about":[{"href":"https:\/\/www.ce-illkirch.fr\/wordpress\/wp-json\/wp\/v2\/types\/post"}],"author":[{"embeddable":true,"href":"https:\/\/www.ce-illkirch.fr\/wordpress\/wp-json\/wp\/v2\/users\/7"}],"replies":[{"embeddable":true,"href":"https:\/\/www.ce-illkirch.fr\/wordpress\/wp-json\/wp\/v2\/comments?post=28832"}],"version-history":[{"count":2,"href":"https:\/\/www.ce-illkirch.fr\/wordpress\/wp-json\/wp\/v2\/posts\/28832\/revisions"}],"predecessor-version":[{"id":28835,"href":"https:\/\/www.ce-illkirch.fr\/wordpress\/wp-json\/wp\/v2\/posts\/28832\/revisions\/28835"}],"wp:featuredmedia":[{"embeddable":true,"href":"https:\/\/www.ce-illkirch.fr\/wordpress\/wp-json\/wp\/v2\/media\/28843"}],"wp:attachment":[{"href":"https:\/\/www.ce-illkirch.fr\/wordpress\/wp-json\/wp\/v2\/media?parent=28832"}],"wp:term":[{"taxonomy":"category","embeddable":true,"href":"https:\/\/www.ce-illkirch.fr\/wordpress\/wp-json\/wp\/v2\/categories?post=28832"},{"taxonomy":"post_tag","embeddable":true,"href":"https:\/\/www.ce-illkirch.fr\/wordpress\/wp-json\/wp\/v2\/tags?post=28832"}],"curies":[{"name":"wp","href":"https:\/\/api.w.org\/{rel}","templated":true}]}}