{"id":28872,"date":"2021-07-15T09:15:23","date_gmt":"2021-07-15T07:15:23","guid":{"rendered":"https:\/\/www.ce-illkirch.fr\/wordpress\/?p=28872"},"modified":"2021-07-15T09:15:23","modified_gmt":"2021-07-15T07:15:23","slug":"sauvegardez","status":"publish","type":"post","link":"https:\/\/www.ce-illkirch.fr\/wordpress\/2021\/07\/top_a_la_une\/sauvegardez\/","title":{"rendered":"Sauvegardez !"},"content":{"rendered":"<p>Un tr\u00e8s bon article de <a href=\"https:\/\/framasoft.org\/fr\/\">Framasoft<\/a> sur la <a href=\"https:\/\/framablog.org\/2021\/04\/23\/sauvegardez\/\">n\u00e9cessit\u00e9 de faire des sauvegardes<\/a>, et quelques judicieux conseils pour les faire.<\/p>\n<p>Sur le m\u00eame sujet, <a href=\"https:\/\/www.cybermalveillance.gouv.fr\/tous-nos-contenus\/bonnes-pratiques\/sauvegardes\">Pourquoi et comment bien g\u00e9rer ses sauvegardes ?<\/a>\u00a0 (site gouvernemental).<\/p>\n<p>Et globalement, les <a href=\"https:\/\/docs.framasoft.org\/fr\/\">docs Framasoft<\/a>, et les liens vers les diff\u00e9rents services de Framasoft.<\/p>\n","protected":false},"excerpt":{"rendered":"<p>Un tr\u00e8s bon article de Framasoft sur la n\u00e9cessit\u00e9 de faire des sauvegardes, et quelques judicieux conseils pour les faire. Sur le m\u00eame sujet, Pourquoi et comment bien g\u00e9rer ses [&hellip;]<\/p>\n","protected":false},"author":7,"featured_media":28874,"comment_status":"closed","ping_status":"open","sticky":false,"template":"","format":"standard","meta":{"footnotes":""},"categories":[35,41],"tags":[],"class_list":["post-28872","post","type-post","status-publish","format-standard","has-post-thumbnail","hentry","category-top_a_la_une","category-trucs-et-astuces"],"publishpress_future_action":{"enabled":false,"date":"2026-05-07 00:22:10","action":"category","newStatus":"draft","terms":[],"taxonomy":"category","extraData":[]},"publishpress_future_workflow_manual_trigger":{"enabledWorkflows":[]},"_links":{"self":[{"href":"https:\/\/www.ce-illkirch.fr\/wordpress\/wp-json\/wp\/v2\/posts\/28872","targetHints":{"allow":["GET"]}}],"collection":[{"href":"https:\/\/www.ce-illkirch.fr\/wordpress\/wp-json\/wp\/v2\/posts"}],"about":[{"href":"https:\/\/www.ce-illkirch.fr\/wordpress\/wp-json\/wp\/v2\/types\/post"}],"author":[{"embeddable":true,"href":"https:\/\/www.ce-illkirch.fr\/wordpress\/wp-json\/wp\/v2\/users\/7"}],"replies":[{"embeddable":true,"href":"https:\/\/www.ce-illkirch.fr\/wordpress\/wp-json\/wp\/v2\/comments?post=28872"}],"version-history":[{"count":1,"href":"https:\/\/www.ce-illkirch.fr\/wordpress\/wp-json\/wp\/v2\/posts\/28872\/revisions"}],"predecessor-version":[{"id":28875,"href":"https:\/\/www.ce-illkirch.fr\/wordpress\/wp-json\/wp\/v2\/posts\/28872\/revisions\/28875"}],"wp:featuredmedia":[{"embeddable":true,"href":"https:\/\/www.ce-illkirch.fr\/wordpress\/wp-json\/wp\/v2\/media\/28874"}],"wp:attachment":[{"href":"https:\/\/www.ce-illkirch.fr\/wordpress\/wp-json\/wp\/v2\/media?parent=28872"}],"wp:term":[{"taxonomy":"category","embeddable":true,"href":"https:\/\/www.ce-illkirch.fr\/wordpress\/wp-json\/wp\/v2\/categories?post=28872"},{"taxonomy":"post_tag","embeddable":true,"href":"https:\/\/www.ce-illkirch.fr\/wordpress\/wp-json\/wp\/v2\/tags?post=28872"}],"curies":[{"name":"wp","href":"https:\/\/api.w.org\/{rel}","templated":true}]}}