{"id":29050,"date":"2021-09-02T18:13:44","date_gmt":"2021-09-02T16:13:44","guid":{"rendered":"https:\/\/www.ce-illkirch.fr\/wordpress\/?p=29050"},"modified":"2022-10-21T17:07:40","modified_gmt":"2022-10-21T15:07:40","slug":"cleaning-week-et-ouvrages-techniques","status":"publish","type":"post","link":"https:\/\/www.ce-illkirch.fr\/wordpress\/2021\/09\/bibliotheque\/cleaning-week-et-ouvrages-techniques\/","title":{"rendered":"Cleaning Week et ouvrages techniques"},"content":{"rendered":"<p>Comme il est toujours dommage de voir partir des livres \u00e0 la benne, les \u00e9coles et universit\u00e9s de la r\u00e9gion ont \u00e9t\u00e9 sond\u00e9es pour savoir si elles \u00e9taient int\u00e9ress\u00e9es pour r\u00e9cup\u00e9rer nos ouvrages techniques ou business et la r\u00e9ponse est \u00ab\u00a0<strong>oui\u00a0<\/strong>\u00bb !<\/p>\n<p>Il sera donc possible, dans le cadre de la Cleaning Week, de d\u00e9poser les ouvrages professionnels (langage informatique, gestion de projet, etc\u2026) dont vous voulez vous d\u00e9barrasser dans un bac d\u00e9di\u00e9.<\/p>\n<p>Celui-ci sera mis \u00e0 disposition au P4 (\u00e0 la jonction avec le plot D) \u00e0 c\u00f4t\u00e9 des bacs classiques existants (AOM, Carton\/Papier, Electronique) avec l\u2019intitul\u00e9 \u00ab\u00a0<strong>Ouvrages Professionnels<\/strong>\u00a0\u00bb.<\/p>\n<p>Ce bac est destin\u00e9 exclusivement \u00e0 ce type de d\u00e9chet. Il ne sera pas fait de tri et les universit\u00e9s viendront les r\u00e9cup\u00e9rer en l\u2019\u00e9tat.<\/p>\n<p>Un grand merci pour votre contribution \u00e0 cette d\u00e9marche d\u2019\u00e9conomie circulaire\u00a0&#x1f60a;<\/p>\n","protected":false},"excerpt":{"rendered":"<p>Comme il est toujours dommage de voir partir des livres \u00e0 la benne, les \u00e9coles et universit\u00e9s de la r\u00e9gion ont \u00e9t\u00e9 sond\u00e9es pour savoir si elles \u00e9taient int\u00e9ress\u00e9es pour [&hellip;]<\/p>\n","protected":false},"author":7,"featured_media":29051,"comment_status":"closed","ping_status":"open","sticky":false,"template":"","format":"standard","meta":{"footnotes":""},"categories":[5,10],"tags":[],"class_list":["post-29050","post","type-post","status-publish","format-standard","has-post-thumbnail","hentry","category-bibliotheque","category-ecologie"],"publishpress_future_action":{"enabled":false,"date":"2026-05-07 07:33:35","action":"category","newStatus":"draft","terms":[],"taxonomy":"category","extraData":[]},"publishpress_future_workflow_manual_trigger":{"enabledWorkflows":[]},"_links":{"self":[{"href":"https:\/\/www.ce-illkirch.fr\/wordpress\/wp-json\/wp\/v2\/posts\/29050","targetHints":{"allow":["GET"]}}],"collection":[{"href":"https:\/\/www.ce-illkirch.fr\/wordpress\/wp-json\/wp\/v2\/posts"}],"about":[{"href":"https:\/\/www.ce-illkirch.fr\/wordpress\/wp-json\/wp\/v2\/types\/post"}],"author":[{"embeddable":true,"href":"https:\/\/www.ce-illkirch.fr\/wordpress\/wp-json\/wp\/v2\/users\/7"}],"replies":[{"embeddable":true,"href":"https:\/\/www.ce-illkirch.fr\/wordpress\/wp-json\/wp\/v2\/comments?post=29050"}],"version-history":[{"count":1,"href":"https:\/\/www.ce-illkirch.fr\/wordpress\/wp-json\/wp\/v2\/posts\/29050\/revisions"}],"predecessor-version":[{"id":29052,"href":"https:\/\/www.ce-illkirch.fr\/wordpress\/wp-json\/wp\/v2\/posts\/29050\/revisions\/29052"}],"wp:featuredmedia":[{"embeddable":true,"href":"https:\/\/www.ce-illkirch.fr\/wordpress\/wp-json\/wp\/v2\/media\/29051"}],"wp:attachment":[{"href":"https:\/\/www.ce-illkirch.fr\/wordpress\/wp-json\/wp\/v2\/media?parent=29050"}],"wp:term":[{"taxonomy":"category","embeddable":true,"href":"https:\/\/www.ce-illkirch.fr\/wordpress\/wp-json\/wp\/v2\/categories?post=29050"},{"taxonomy":"post_tag","embeddable":true,"href":"https:\/\/www.ce-illkirch.fr\/wordpress\/wp-json\/wp\/v2\/tags?post=29050"}],"curies":[{"name":"wp","href":"https:\/\/api.w.org\/{rel}","templated":true}]}}