{"id":29089,"date":"2024-01-12T14:48:09","date_gmt":"2024-01-12T13:48:09","guid":{"rendered":"https:\/\/www.ce-illkirch.fr\/wordpress\/?p=29089"},"modified":"2024-10-17T15:07:06","modified_gmt":"2024-10-17T13:07:06","slug":"recolte-restoscoeur","status":"publish","type":"post","link":"https:\/\/www.ce-illkirch.fr\/wordpress\/2024\/01\/liens\/recolte-restoscoeur\/","title":{"rendered":"Merci pour vos dons aux Restos du Coeur"},"content":{"rendered":"<h1><strong><img loading=\"lazy\" decoding=\"async\" class=\" wp-image-34487 alignleft\" src=\"https:\/\/www.ce-illkirch.fr\/wordpress\/wp-content\/uploads\/2023\/11\/2312_collecte_restos-265x300.png\" alt=\"\" width=\"423\" height=\"479\" srcset=\"https:\/\/www.ce-illkirch.fr\/wordpress\/wp-content\/uploads\/2023\/11\/2312_collecte_restos-265x300.png 265w, https:\/\/www.ce-illkirch.fr\/wordpress\/wp-content\/uploads\/2023\/11\/2312_collecte_restos-97x110.png 97w, https:\/\/www.ce-illkirch.fr\/wordpress\/wp-content\/uploads\/2023\/11\/2312_collecte_restos-371x420.png 371w, https:\/\/www.ce-illkirch.fr\/wordpress\/wp-content\/uploads\/2023\/11\/2312_collecte_restos-380x430.png 380w, https:\/\/www.ce-illkirch.fr\/wordpress\/wp-content\/uploads\/2023\/11\/2312_collecte_restos.png 678w\" sizes=\"auto, (max-width: 423px) 100vw, 423px\" \/>Merci !<br \/>\n<\/strong><\/h1>\n<p>Nous souhaitons vous exprimer notre reconnaissance pour votre engagement extraordinaire lors de notre collecte de jouets au profit des Restaurants du C\u0153ur.<\/p>\n<p>Gr\u00e2ce \u00e0 vos dons nous allons pouvoir apporter de la joie et de l&rsquo;espoir \u00e0 de nombreux enfants pendant cette p\u00e9riode de f\u00eates.<\/p>\n<p>Votre esprit de solidarit\u00e9 et votre volont\u00e9 de partager avec les plus d\u00e9munis ont \u00e9t\u00e9 remarquables. C&rsquo;est gr\u00e2ce \u00e0 des actions collectives comme celle-ci que nous pouvons avoir un impact positif sur notre communaut\u00e9.<\/p>\n<p>Nous sommes fiers de la mani\u00e8re dont les membres de notre entreprise se sont mobilis\u00e9s pour soutenir la cause port\u00e9e par les Restaurants du C\u0153ur.<\/p>\n<p><strong>Lucie Nicaise<\/strong><\/p>\n<p>&nbsp;<\/p>\n<p>Dans le cadre de son Master RH, Lucie NICAISE est amen\u00e9e \u00e0 mettre en avant un projet citoyen.<\/p>\n<p>Elle a donc souhait\u00e9 organiser une\u00a0<strong>collecte de No\u00ebl\u00a0<\/strong>en collaboration avec le CSE<strong>\u00a0<\/strong>destin\u00e9e aux\u00a0<strong>enfants b\u00e9n\u00e9ficiant de l\u2019aide des Restos du C\u0153ur.<\/strong><\/p>\n","protected":false},"excerpt":{"rendered":"<p>Merci ! Nous souhaitons vous exprimer notre reconnaissance pour votre engagement extraordinaire lors de notre collecte de jouets au profit des Restaurants du C\u0153ur. Gr\u00e2ce \u00e0 vos dons nous allons [&hellip;]<\/p>\n","protected":false},"author":2,"featured_media":29090,"comment_status":"closed","ping_status":"open","sticky":false,"template":"","format":"standard","meta":{"footnotes":""},"categories":[13,22],"tags":[],"class_list":["post-29089","post","type-post","status-publish","format-standard","has-post-thumbnail","hentry","category-liens","category-petites-annonces"],"publishpress_future_action":{"enabled":false,"date":"2026-05-07 17:45:39","action":"category","newStatus":"draft","terms":[],"taxonomy":"category","extraData":[]},"publishpress_future_workflow_manual_trigger":{"enabledWorkflows":[]},"_links":{"self":[{"href":"https:\/\/www.ce-illkirch.fr\/wordpress\/wp-json\/wp\/v2\/posts\/29089","targetHints":{"allow":["GET"]}}],"collection":[{"href":"https:\/\/www.ce-illkirch.fr\/wordpress\/wp-json\/wp\/v2\/posts"}],"about":[{"href":"https:\/\/www.ce-illkirch.fr\/wordpress\/wp-json\/wp\/v2\/types\/post"}],"author":[{"embeddable":true,"href":"https:\/\/www.ce-illkirch.fr\/wordpress\/wp-json\/wp\/v2\/users\/2"}],"replies":[{"embeddable":true,"href":"https:\/\/www.ce-illkirch.fr\/wordpress\/wp-json\/wp\/v2\/comments?post=29089"}],"version-history":[{"count":11,"href":"https:\/\/www.ce-illkirch.fr\/wordpress\/wp-json\/wp\/v2\/posts\/29089\/revisions"}],"predecessor-version":[{"id":34490,"href":"https:\/\/www.ce-illkirch.fr\/wordpress\/wp-json\/wp\/v2\/posts\/29089\/revisions\/34490"}],"wp:featuredmedia":[{"embeddable":true,"href":"https:\/\/www.ce-illkirch.fr\/wordpress\/wp-json\/wp\/v2\/media\/29090"}],"wp:attachment":[{"href":"https:\/\/www.ce-illkirch.fr\/wordpress\/wp-json\/wp\/v2\/media?parent=29089"}],"wp:term":[{"taxonomy":"category","embeddable":true,"href":"https:\/\/www.ce-illkirch.fr\/wordpress\/wp-json\/wp\/v2\/categories?post=29089"},{"taxonomy":"post_tag","embeddable":true,"href":"https:\/\/www.ce-illkirch.fr\/wordpress\/wp-json\/wp\/v2\/tags?post=29089"}],"curies":[{"name":"wp","href":"https:\/\/api.w.org\/{rel}","templated":true}]}}