{"id":29094,"date":"2022-09-16T16:35:05","date_gmt":"2022-09-16T14:35:05","guid":{"rendered":"https:\/\/www.ce-illkirch.fr\/wordpress\/?p=29094"},"modified":"2026-04-14T11:25:12","modified_gmt":"2026-04-14T09:25:12","slug":"webinaire-conciliation-vie-familiale-et-vie-professionnelle","status":"publish","type":"post","link":"https:\/\/www.ce-illkirch.fr\/wordpress\/2022\/09\/formation\/webinaire-conciliation-vie-familiale-et-vie-professionnelle\/","title":{"rendered":"Webinaire Conciliation vie familiale et vie professionnelle"},"content":{"rendered":"<p>Malakoff Humanis organise <strong>jeudi 13 octobre \u2013 11h30-12h30<\/strong> un webinaire destin\u00e9 \u00e0 tous les salari\u00e9s, sur inscription : <strong>Conciliation vie familiale et vie professionnelle : comment tout g\u00e9rer ? Savoir l\u00e2cher prise !<br \/>\n<\/strong><\/p>\n<p>72 % des salari\u00e9s parents* (et peut-\u00eatre vous) ont le sentiment de manquer de temps au quotidien.<\/p>\n<p>Entre vos obligations familiales et vos missions professionnelles, il n\u2019est pas toujours simple de tout concilier.<\/p>\n<p>Vous avez sans cesse l\u2019impression de courir apr\u00e8s le temps et vous sentez parfois d\u00e9pass\u00e9 ?<\/p>\n<p>Pour vous aider \u00e0 trouver un meilleur \u00e9quilibre entre vos temps de vie et r\u00e9duire votre charge mentale, nous vous proposons un webinaire d\u00e9di\u00e9.<\/p>\n<p><strong>Rendez-vous jeudi 13 octobre 2022 de 11h30 \u00e0 12h30<\/strong> avec Elodie MOLOSSA, Coach en d\u00e9veloppement personnel chez <em>Ma Bonne f\u00e9e<\/em>.<\/p>\n<p><strong>\u00a0<\/strong><strong>Au programme\u00a0: <\/strong><\/p>\n<ul>\n<li>Comment g\u00e9rer sa charge mentale ?<\/li>\n<li>Quels outils pour g\u00e9rer son temps ?<\/li>\n<li>Comment en parler avec son manager ?<\/li>\n<\/ul>\n<p>Le carton d&rsquo;invitation avec le lien pour s&rsquo;inscrire est disponible sur l&rsquo;Intranet du CSE.<\/p>\n<p>Une fois votre inscription valid\u00e9e, vous recevrez <strong>le lien de connexion 24h avant la date du webinaire.<\/strong><\/p>\n<p>Pour la bonne tenue du webinaire, nous comptons sur votre participation une fois inscrit.<\/p>\n<p>Au plaisir de vous retrouver\u00a0!<\/p>\n<p>&nbsp;<\/p>\n<p><em>*\u00c9tude BVA et Conseil Sup\u00e9rieur de l\u2019\u00e9galit\u00e9 professionnelle entre les hommes et les femmes 2019<\/em><\/p>\n<p>&nbsp;<\/p>\n<p>&nbsp;<\/p>\n","protected":false},"excerpt":{"rendered":"<p>Malakoff Humanis organise jeudi 13 octobre \u2013 11h30-12h30 un webinaire destin\u00e9 \u00e0 tous les salari\u00e9s, sur inscription : Conciliation vie familiale et vie professionnelle : comment tout g\u00e9rer ? Savoir [&hellip;]<\/p>\n","protected":false},"author":7,"featured_media":31174,"comment_status":"closed","ping_status":"open","sticky":false,"template":"","format":"standard","meta":{"footnotes":""},"categories":[12,23],"tags":[],"class_list":["post-29094","post","type-post","status-publish","format-standard","has-post-thumbnail","hentry","category-formation","category-prestataires-de-services"],"publishpress_future_action":{"enabled":false,"date":"2026-05-09 08:45:03","action":"category","newStatus":"draft","terms":[],"taxonomy":"category","extraData":[]},"publishpress_future_workflow_manual_trigger":{"enabledWorkflows":[]},"_links":{"self":[{"href":"https:\/\/www.ce-illkirch.fr\/wordpress\/wp-json\/wp\/v2\/posts\/29094","targetHints":{"allow":["GET"]}}],"collection":[{"href":"https:\/\/www.ce-illkirch.fr\/wordpress\/wp-json\/wp\/v2\/posts"}],"about":[{"href":"https:\/\/www.ce-illkirch.fr\/wordpress\/wp-json\/wp\/v2\/types\/post"}],"author":[{"embeddable":true,"href":"https:\/\/www.ce-illkirch.fr\/wordpress\/wp-json\/wp\/v2\/users\/7"}],"replies":[{"embeddable":true,"href":"https:\/\/www.ce-illkirch.fr\/wordpress\/wp-json\/wp\/v2\/comments?post=29094"}],"version-history":[{"count":6,"href":"https:\/\/www.ce-illkirch.fr\/wordpress\/wp-json\/wp\/v2\/posts\/29094\/revisions"}],"predecessor-version":[{"id":39266,"href":"https:\/\/www.ce-illkirch.fr\/wordpress\/wp-json\/wp\/v2\/posts\/29094\/revisions\/39266"}],"wp:featuredmedia":[{"embeddable":true,"href":"https:\/\/www.ce-illkirch.fr\/wordpress\/wp-json\/wp\/v2\/media\/31174"}],"wp:attachment":[{"href":"https:\/\/www.ce-illkirch.fr\/wordpress\/wp-json\/wp\/v2\/media?parent=29094"}],"wp:term":[{"taxonomy":"category","embeddable":true,"href":"https:\/\/www.ce-illkirch.fr\/wordpress\/wp-json\/wp\/v2\/categories?post=29094"},{"taxonomy":"post_tag","embeddable":true,"href":"https:\/\/www.ce-illkirch.fr\/wordpress\/wp-json\/wp\/v2\/tags?post=29094"}],"curies":[{"name":"wp","href":"https:\/\/api.w.org\/{rel}","templated":true}]}}