{"id":29118,"date":"2021-09-15T11:09:19","date_gmt":"2021-09-15T09:09:19","guid":{"rendered":"https:\/\/www.ce-illkirch.fr\/wordpress\/?p=29118"},"modified":"2023-03-09T14:25:15","modified_gmt":"2023-03-09T13:25:15","slug":"3eme-edition-du-barometre-des-villes-cyclables","status":"publish","type":"post","link":"https:\/\/www.ce-illkirch.fr\/wordpress\/2021\/09\/transport\/3eme-edition-du-barometre-des-villes-cyclables\/","title":{"rendered":"3\u00e8me \u00e9dition du barom\u00e8tre des villes cyclables"},"content":{"rendered":"<p>Pour \u00e9valuer votre commune cliquer sur ce lien avant le 30 novembre 2021 <a href=\"https:\/\/barometre.parlons-velo.fr\/\" target=\"_blank\" rel=\"noopener\">https:\/\/barometre.parlons-velo.fr<\/a><\/p>\n<p>La \u00a0FUB (F\u00e9d\u00e9ration fran\u00e7aise des Usagers de la Bicyclette), en partenariat avec les associations locales, \u00a0lance \u00a0la \u00a03e \u00a0\u00e9dition \u00a0de \u00a0la \u00a0plus \u00a0grande \u00a0enqu\u00eate \u00a0citoyenne \u00a0sur \u00a0le \u00a0v\u00e9lo \u00a0au \u00a0quotidien \u00a0en \u00a0France \u00a0: \u00a0le \u00a0<strong>Barom\u00e8tre \u00a0des \u00a0villes \u00a0cyclables.<\/strong><\/p>\n<p>Cette \u00a0enqu\u00eate \u00a0bisannuelle \u00a0est \u00a0une \u00a0des \u00a0plus \u00a0importantes \u00a0au \u00a0monde.<\/p>\n<p>Si celle-ci permet d&rsquo;\u00e9tablir un classement des villes selon leur cat\u00e9gorie, elle nous permet \u00e9galement \u00e0 nous associations de faire remonter les am\u00e9nagements manquants ou probl\u00e9matiques aux collectivit\u00e9s.<\/p>\n<p>&nbsp;<\/p>\n<p>&nbsp;<\/p>\n","protected":false},"excerpt":{"rendered":"<p>Pour \u00e9valuer votre commune cliquer sur ce lien avant le 30 novembre 2021 https:\/\/barometre.parlons-velo.fr La \u00a0FUB (F\u00e9d\u00e9ration fran\u00e7aise des Usagers de la Bicyclette), en partenariat avec les associations locales, \u00a0lance [&hellip;]<\/p>\n","protected":false},"author":4,"featured_media":29117,"comment_status":"closed","ping_status":"open","sticky":false,"template":"","format":"standard","meta":{"footnotes":""},"categories":[39],"tags":[],"class_list":["post-29118","post","type-post","status-publish","format-standard","has-post-thumbnail","hentry","category-transport"],"publishpress_future_action":{"enabled":false,"date":"2026-05-07 00:22:11","action":"category","newStatus":"draft","terms":[],"taxonomy":"category","extraData":[]},"publishpress_future_workflow_manual_trigger":{"enabledWorkflows":[]},"_links":{"self":[{"href":"https:\/\/www.ce-illkirch.fr\/wordpress\/wp-json\/wp\/v2\/posts\/29118","targetHints":{"allow":["GET"]}}],"collection":[{"href":"https:\/\/www.ce-illkirch.fr\/wordpress\/wp-json\/wp\/v2\/posts"}],"about":[{"href":"https:\/\/www.ce-illkirch.fr\/wordpress\/wp-json\/wp\/v2\/types\/post"}],"author":[{"embeddable":true,"href":"https:\/\/www.ce-illkirch.fr\/wordpress\/wp-json\/wp\/v2\/users\/4"}],"replies":[{"embeddable":true,"href":"https:\/\/www.ce-illkirch.fr\/wordpress\/wp-json\/wp\/v2\/comments?post=29118"}],"version-history":[{"count":8,"href":"https:\/\/www.ce-illkirch.fr\/wordpress\/wp-json\/wp\/v2\/posts\/29118\/revisions"}],"predecessor-version":[{"id":29192,"href":"https:\/\/www.ce-illkirch.fr\/wordpress\/wp-json\/wp\/v2\/posts\/29118\/revisions\/29192"}],"wp:featuredmedia":[{"embeddable":true,"href":"https:\/\/www.ce-illkirch.fr\/wordpress\/wp-json\/wp\/v2\/media\/29117"}],"wp:attachment":[{"href":"https:\/\/www.ce-illkirch.fr\/wordpress\/wp-json\/wp\/v2\/media?parent=29118"}],"wp:term":[{"taxonomy":"category","embeddable":true,"href":"https:\/\/www.ce-illkirch.fr\/wordpress\/wp-json\/wp\/v2\/categories?post=29118"},{"taxonomy":"post_tag","embeddable":true,"href":"https:\/\/www.ce-illkirch.fr\/wordpress\/wp-json\/wp\/v2\/tags?post=29118"}],"curies":[{"name":"wp","href":"https:\/\/api.w.org\/{rel}","templated":true}]}}