{"id":29170,"date":"2021-09-23T16:05:10","date_gmt":"2021-09-23T14:05:10","guid":{"rendered":"https:\/\/www.ce-illkirch.fr\/wordpress\/?p=29170"},"modified":"2021-09-28T17:11:38","modified_gmt":"2021-09-28T15:11:38","slug":"colors-urban-art-festival-derniers-jours-ce-week-end","status":"publish","type":"post","link":"https:\/\/www.ce-illkirch.fr\/wordpress\/2021\/09\/loisirs\/colors-urban-art-festival-derniers-jours-ce-week-end\/","title":{"rendered":"COLORS Urban Art Festival: derniers jours ce week-end"},"content":{"rendered":"<p>La troisi\u00e8me \u00e9dition du\u00a0COLORS Urban Art Festival ferme ses portes ce week-end.<\/p>\n<p>Mais il est encore temps d&rsquo;y faire un tour\u00a0samedi ou dimanche (de 11h \u00e0 19h) pour d\u00e9couvrir les \u0153uvres d&rsquo;art urbain.<\/p>\n<p>Cela se passe aux\u00a0Ateliers \u00e9clair\u00e9s \u2013 COOP \u2013 4 rue de la coop\u00e9rative \u2013 67000 Strasbourg. Plus d&rsquo;infos par ici:\u00a0<a href=\"https:\/\/www.colors-art.eu\/colors-festival-2021\/\">https:\/\/www.colors-art.eu\/colors-festival-2021\/<\/a><\/p>\n<p><img loading=\"lazy\" decoding=\"async\" class=\"alignleft wp-image-29173 size-full\" src=\"https:\/\/www.ce-illkirch.fr\/wordpress\/wp-content\/uploads\/colors2021.png\" alt=\"\" width=\"750\" height=\"282\" srcset=\"https:\/\/www.ce-illkirch.fr\/wordpress\/wp-content\/uploads\/colors2021.png 750w, https:\/\/www.ce-illkirch.fr\/wordpress\/wp-content\/uploads\/colors2021-300x113.png 300w, https:\/\/www.ce-illkirch.fr\/wordpress\/wp-content\/uploads\/colors2021-110x41.png 110w, https:\/\/www.ce-illkirch.fr\/wordpress\/wp-content\/uploads\/colors2021-420x158.png 420w\" sizes=\"auto, (max-width: 750px) 100vw, 750px\" \/><\/p>\n<p>&nbsp;<\/p>\n<p>&nbsp;<\/p>\n<p>&nbsp;<\/p>\n<p>&nbsp;<\/p>\n<p>&nbsp;<\/p>\n<p>&nbsp;<\/p>\n<p>&nbsp;<\/p>\n<p>&nbsp;<\/p>\n<p>&nbsp;<\/p>\n<p>&nbsp;<\/p>\n<p>Sinon, pour les amateurs de street art, il y a une multitudes d&rsquo;oeuvres \u00e0 d\u00e9couvrir sur Strasbourg et autour:\u00a0<a href=\"https:\/\/strasbourg.streetartmap.eu\/\">https:\/\/strasbourg.streetartmap.eu\/<\/a><\/p>\n","protected":false},"excerpt":{"rendered":"<p>La troisi\u00e8me \u00e9dition du\u00a0COLORS Urban Art Festival ferme ses portes ce week-end. Mais il est encore temps d&rsquo;y faire un tour\u00a0samedi ou dimanche (de 11h \u00e0 19h) pour d\u00e9couvrir les [&hellip;]<\/p>\n","protected":false},"author":12,"featured_media":29172,"comment_status":"closed","ping_status":"open","sticky":false,"template":"","format":"standard","meta":{"footnotes":""},"categories":[16],"tags":[],"class_list":["post-29170","post","type-post","status-publish","format-standard","has-post-thumbnail","hentry","category-loisirs"],"publishpress_future_action":{"enabled":false,"date":"2026-05-07 08:58:16","action":"category","newStatus":"draft","terms":[],"taxonomy":"category","extraData":[]},"publishpress_future_workflow_manual_trigger":{"enabledWorkflows":[]},"_links":{"self":[{"href":"https:\/\/www.ce-illkirch.fr\/wordpress\/wp-json\/wp\/v2\/posts\/29170","targetHints":{"allow":["GET"]}}],"collection":[{"href":"https:\/\/www.ce-illkirch.fr\/wordpress\/wp-json\/wp\/v2\/posts"}],"about":[{"href":"https:\/\/www.ce-illkirch.fr\/wordpress\/wp-json\/wp\/v2\/types\/post"}],"author":[{"embeddable":true,"href":"https:\/\/www.ce-illkirch.fr\/wordpress\/wp-json\/wp\/v2\/users\/12"}],"replies":[{"embeddable":true,"href":"https:\/\/www.ce-illkirch.fr\/wordpress\/wp-json\/wp\/v2\/comments?post=29170"}],"version-history":[{"count":10,"href":"https:\/\/www.ce-illkirch.fr\/wordpress\/wp-json\/wp\/v2\/posts\/29170\/revisions"}],"predecessor-version":[{"id":29182,"href":"https:\/\/www.ce-illkirch.fr\/wordpress\/wp-json\/wp\/v2\/posts\/29170\/revisions\/29182"}],"wp:featuredmedia":[{"embeddable":true,"href":"https:\/\/www.ce-illkirch.fr\/wordpress\/wp-json\/wp\/v2\/media\/29172"}],"wp:attachment":[{"href":"https:\/\/www.ce-illkirch.fr\/wordpress\/wp-json\/wp\/v2\/media?parent=29170"}],"wp:term":[{"taxonomy":"category","embeddable":true,"href":"https:\/\/www.ce-illkirch.fr\/wordpress\/wp-json\/wp\/v2\/categories?post=29170"},{"taxonomy":"post_tag","embeddable":true,"href":"https:\/\/www.ce-illkirch.fr\/wordpress\/wp-json\/wp\/v2\/tags?post=29170"}],"curies":[{"name":"wp","href":"https:\/\/api.w.org\/{rel}","templated":true}]}}