{"id":29458,"date":"2021-11-17T10:23:12","date_gmt":"2021-11-17T09:23:12","guid":{"rendered":"https:\/\/www.ce-illkirch.fr\/wordpress\/?p=29458"},"modified":"2022-08-25T08:43:49","modified_gmt":"2022-08-25T06:43:49","slug":"course-corrida-illkirch-12-12","status":"publish","type":"post","link":"https:\/\/www.ce-illkirch.fr\/wordpress\/2021\/11\/scabsi\/course-corrida-illkirch-12-12\/","title":{"rendered":"Course Corrida Illkirch 12\/12"},"content":{"rendered":"<p>Apr\u00e8s les 10km de la Wantzenau dimanche dernier (bravo aux 10 participants\u00a0!), nous vous proposons la derni\u00e8re course sur route de l&rsquo;ann\u00e9e\u00a0: la Corrida de No\u00ebl d&rsquo;Illkirch-Graffenstaden qui aura lieu le 12 d\u00e9cembre prochain.<\/p>\n<p>Bonne humeur et convivialit\u00e9 au programme, le tout aux couleurs de No\u00ebl\u00a0!<\/p>\n<p>Au choix\u00a0: Un 5km, un 10km ou un Semi-Marathon. Les parcours sont dans le pdf. Rendez-vous au Complexe Sportif Lixenbuhl \u00e0 partir de 07h00.<\/p>\n<p>D\u00e9parts\u00a0:<\/p>\n<ul>\n<li>Semi-Marathon \u00e0 08h40.<\/li>\n<li>10 Km \u00e0 09h00<\/li>\n<li>5 Km \u00e0 09h25<\/li>\n<\/ul>\n<p>Ceux qui souhaitent s&rsquo;inscrire doivent m\u2019envoyer<a href=\"https:\/\/www.ce-illkirch.fr\/wordpress\/wp-content\/uploads\/inscription_Corrida_2021_ALE.xlsx\"> le fichier Excel<\/a> ci-joint apr\u00e8s l\u2019avoir compl\u00e9t\u00e9, ainsi que leur certificat m\u00e9dical ou copie de licence FFA.<\/p>\n<p>Inscriptions possibles jusqu\u2019au lundi 6 d\u00e9cembre inclus pour le groupe ALE.<\/p>\n<p>Pour rappel, cette course est ouverte \u00e0 tous les salari\u00e9s du site, aux retrait\u00e9s ainsi qu\u2019\u00e0 leur famille proche (\u00e9poux\/\u00e9pouse et enfants).<\/p>\n<p>Claire Dechrist\u00e9<\/p>\n","protected":false},"excerpt":{"rendered":"<p>Apr\u00e8s les 10km de la Wantzenau dimanche dernier (bravo aux 10 participants\u00a0!), nous vous proposons la derni\u00e8re course sur route de l&rsquo;ann\u00e9e\u00a0: la Corrida de No\u00ebl d&rsquo;Illkirch-Graffenstaden qui aura lieu [&hellip;]<\/p>\n","protected":false},"author":2,"featured_media":0,"comment_status":"closed","ping_status":"open","sticky":false,"template":"","format":"standard","meta":{"footnotes":""},"categories":[45,29],"tags":[],"class_list":["post-29458","post","type-post","status-publish","format-standard","hentry","category-athle","category-scabsi"],"publishpress_future_action":{"enabled":false,"date":"2026-05-07 04:38:41","action":"category","newStatus":"draft","terms":[],"taxonomy":"category","extraData":[]},"publishpress_future_workflow_manual_trigger":{"enabledWorkflows":[]},"_links":{"self":[{"href":"https:\/\/www.ce-illkirch.fr\/wordpress\/wp-json\/wp\/v2\/posts\/29458","targetHints":{"allow":["GET"]}}],"collection":[{"href":"https:\/\/www.ce-illkirch.fr\/wordpress\/wp-json\/wp\/v2\/posts"}],"about":[{"href":"https:\/\/www.ce-illkirch.fr\/wordpress\/wp-json\/wp\/v2\/types\/post"}],"author":[{"embeddable":true,"href":"https:\/\/www.ce-illkirch.fr\/wordpress\/wp-json\/wp\/v2\/users\/2"}],"replies":[{"embeddable":true,"href":"https:\/\/www.ce-illkirch.fr\/wordpress\/wp-json\/wp\/v2\/comments?post=29458"}],"version-history":[{"count":1,"href":"https:\/\/www.ce-illkirch.fr\/wordpress\/wp-json\/wp\/v2\/posts\/29458\/revisions"}],"predecessor-version":[{"id":29460,"href":"https:\/\/www.ce-illkirch.fr\/wordpress\/wp-json\/wp\/v2\/posts\/29458\/revisions\/29460"}],"wp:attachment":[{"href":"https:\/\/www.ce-illkirch.fr\/wordpress\/wp-json\/wp\/v2\/media?parent=29458"}],"wp:term":[{"taxonomy":"category","embeddable":true,"href":"https:\/\/www.ce-illkirch.fr\/wordpress\/wp-json\/wp\/v2\/categories?post=29458"},{"taxonomy":"post_tag","embeddable":true,"href":"https:\/\/www.ce-illkirch.fr\/wordpress\/wp-json\/wp\/v2\/tags?post=29458"}],"curies":[{"name":"wp","href":"https:\/\/api.w.org\/{rel}","templated":true}]}}