{"id":29532,"date":"2022-12-19T15:34:21","date_gmt":"2022-12-19T14:34:21","guid":{"rendered":"https:\/\/www.ce-illkirch.fr\/wordpress\/?p=29532"},"modified":"2023-12-07T14:38:06","modified_gmt":"2023-12-07T13:38:06","slug":"zfe-et-subventions-pour-lacquisition-de-vae","status":"publish","type":"post","link":"https:\/\/www.ce-illkirch.fr\/wordpress\/2022\/12\/ecologie\/zfe-et-subventions-pour-lacquisition-de-vae\/","title":{"rendered":"ZFEm et subvention pour l\u2019acquisition de VAE"},"content":{"rendered":"<p>La Zone \u00e0 Faibles Emissions mobilit\u00e9 (ZFEm) de l\u2019Eurom\u00e9tropole de Strasbourg est entr\u00e9e en vigueur au 1er janvier 2023.<\/p>\n<p>Le principe : limiter l&rsquo;acc\u00e8s \u00e0 ce p\u00e9rim\u00e8tre des v\u00e9hicules les plus polluants. Pour circuler ou stationner dans cette zone, une vignette Crit\u2019Air doit \u00eatre appos\u00e9e sur le parebrise. Calendrier et p\u00e9rim\u00e8tre : <a href=\"https:\/\/www.strasbourg.eu\/la-zfe-m\">https:\/\/www.strasbourg.eu\/la-zfe-m<\/a><\/p>\n<p>Plus d&rsquo;informations sur la ZFE sur <a href=\"https:\/\/zfe.strasbourg.eu\/\">https:\/\/zfe.strasbourg.eu\/<\/a><\/p>\n<p>Si votre v\u00e9hicule n\u2019entre dans aucune des cat\u00e9gories autoris\u00e9es, vous pourrez solliciter jusqu&rsquo;\u00e0 24 fois par an un \u00ab\u00a0pass ZFE 24h\u00a0\u00bb, permettant de circuler 24 heures cons\u00e9cutives dans la ZFEm de Strasbourg.\u00a0Pour cela il faut pr\u00e9alablement enregistrer son v\u00e9hicule sur la plateforme <a href=\"http:\/\/derogations-zfe.strasbourg.eu\" target=\"_blank\" rel=\"noopener\">derogations-zfe.strasbourg.eu<\/a>.<\/p>\n<p><strong>Le VAE<\/strong> (v\u00e9lo \u00e0 assistance \u00e9lectrique) est une solution de d\u00e9placement int\u00e9ressante pour les salari\u00e9s r\u00e9sidant \u00e0 7-15 km de leur lieu de travail. Pour en faciliter l\u2019acquisition, les habitants de l\u2019Eurom\u00e9tropole peuvent demander une aide financi\u00e8re. Conditions, formulaire de demande, \u2026 disponibles sur : <a href=\"https:\/\/www.strasbourg.eu\/aides-achat\">https:\/\/www.strasbourg.eu\/aides-achat<\/a>. Certaines communes compl\u00e8tent cette aide. Contactez votre mairie.<\/p>\n<p>D\u2019autre part, pour les habitants de Strasbourg \u00e0 faible pouvoir d\u2019achat, une aide \u00e0 l\u2019acquisition de v\u00e9lo \u00ab classique \u00bb a aussi \u00e9t\u00e9 vot\u00e9e.<\/p>\n<p>Et bien s\u00fbr, si vous voulez tester, le CSE poss\u00e8de un <a href=\"https:\/\/www.ce-illkirch.fr\/wordpress\/transport\/velo-electrique\/\">VAE \u00e0 louer<\/a> \u00e0 tout petit prix.<\/p>\n","protected":false},"excerpt":{"rendered":"<p>La Zone \u00e0 Faibles Emissions mobilit\u00e9 (ZFEm) de l\u2019Eurom\u00e9tropole de Strasbourg est entr\u00e9e en vigueur au 1er janvier 2023. Le principe : limiter l&rsquo;acc\u00e8s \u00e0 ce p\u00e9rim\u00e8tre des v\u00e9hicules les [&hellip;]<\/p>\n","protected":false},"author":7,"featured_media":29533,"comment_status":"closed","ping_status":"open","sticky":false,"template":"","format":"standard","meta":{"footnotes":""},"categories":[10,39],"tags":[],"class_list":["post-29532","post","type-post","status-publish","format-standard","has-post-thumbnail","hentry","category-ecologie","category-transport"],"publishpress_future_action":{"enabled":false,"date":"2026-05-07 04:38:41","action":"category","newStatus":"draft","terms":[],"taxonomy":"category","extraData":[]},"publishpress_future_workflow_manual_trigger":{"enabledWorkflows":[]},"_links":{"self":[{"href":"https:\/\/www.ce-illkirch.fr\/wordpress\/wp-json\/wp\/v2\/posts\/29532","targetHints":{"allow":["GET"]}}],"collection":[{"href":"https:\/\/www.ce-illkirch.fr\/wordpress\/wp-json\/wp\/v2\/posts"}],"about":[{"href":"https:\/\/www.ce-illkirch.fr\/wordpress\/wp-json\/wp\/v2\/types\/post"}],"author":[{"embeddable":true,"href":"https:\/\/www.ce-illkirch.fr\/wordpress\/wp-json\/wp\/v2\/users\/7"}],"replies":[{"embeddable":true,"href":"https:\/\/www.ce-illkirch.fr\/wordpress\/wp-json\/wp\/v2\/comments?post=29532"}],"version-history":[{"count":4,"href":"https:\/\/www.ce-illkirch.fr\/wordpress\/wp-json\/wp\/v2\/posts\/29532\/revisions"}],"predecessor-version":[{"id":32500,"href":"https:\/\/www.ce-illkirch.fr\/wordpress\/wp-json\/wp\/v2\/posts\/29532\/revisions\/32500"}],"wp:featuredmedia":[{"embeddable":true,"href":"https:\/\/www.ce-illkirch.fr\/wordpress\/wp-json\/wp\/v2\/media\/29533"}],"wp:attachment":[{"href":"https:\/\/www.ce-illkirch.fr\/wordpress\/wp-json\/wp\/v2\/media?parent=29532"}],"wp:term":[{"taxonomy":"category","embeddable":true,"href":"https:\/\/www.ce-illkirch.fr\/wordpress\/wp-json\/wp\/v2\/categories?post=29532"},{"taxonomy":"post_tag","embeddable":true,"href":"https:\/\/www.ce-illkirch.fr\/wordpress\/wp-json\/wp\/v2\/tags?post=29532"}],"curies":[{"name":"wp","href":"https:\/\/api.w.org\/{rel}","templated":true}]}}