{"id":29595,"date":"2023-03-07T08:56:39","date_gmt":"2023-03-07T07:56:39","guid":{"rendered":"https:\/\/www.ce-illkirch.fr\/wordpress\/?p=29595"},"modified":"2023-03-15T08:35:32","modified_gmt":"2023-03-15T07:35:32","slug":"asali_ag","status":"publish","type":"post","link":"https:\/\/www.ce-illkirch.fr\/wordpress\/2023\/03\/scabsi\/asali_ag\/","title":{"rendered":"AG ASALI : Club sportif ALE 9\/03 \u00e0 16h30"},"content":{"rendered":"<p>INVITATION A L\u2019ASSEMBLEE GENERALE ORDINAIRE<\/p>\n<p>L\u2019assembl\u00e9e g\u00e9n\u00e9rale ordinaire de notre association est convoqu\u00e9e pour le 9 Mars 2023 \u00e0 16h30 via Rainbow : bulle AG Asali ou en salle Reliability-Weil.<\/p>\n<p>Tous les salari\u00e9s sont invit\u00e9s.<\/p>\n<p>Ordre du jour : &#8211; Rapport d\u2019activit\u00e9. &#8211; Renouvellement de comit\u00e9 &#8211; Appel \u00e0 candidature pour \u00e9toffer notre comit\u00e9 ou animer de nouvelles activit\u00e9s sportives.<\/p>\n<p>Qui peut si\u00e9ger au comit\u00e9 ? Tous les employ\u00e9s d\u2019ALE Illkirch. Notre comit\u00e9 se r\u00e9unit une fois par trimestre pour proposer ou organiser des activit\u00e9s sportives \u00e0 venir. Vos candidatures devront parvenir au pr\u00e9sident ou chez C\u00e9line au CSE avant la date du 5 mars.\u00a0 Rapport financier &#8211; Projet 2023 &#8211; Demande de budget au CSE Aujourd\u2019hui les activit\u00e9s pr\u00e9sentes sont nombreuses, parmi l\u2019athl\u00e9tisme, le badminton, le basket, le golf, la gym, la montagne-escalade, la marche nordique, le ski nordique, le tennis, le tennis de table, le triathlon, les \u00e9checs, le VTT et le cyclisme\u2026, vous trouverez une activit\u00e9 pour vous d\u00e9penser et vivre un moment sympathique entre coll\u00e8gues.<\/p>\n<p>Pour ASALI, le pr\u00e9sident Francois MEYER<\/p>\n","protected":false},"excerpt":{"rendered":"<p>INVITATION A L\u2019ASSEMBLEE GENERALE ORDINAIRE L\u2019assembl\u00e9e g\u00e9n\u00e9rale ordinaire de notre association est convoqu\u00e9e pour le 9 Mars 2023 \u00e0 16h30 via Rainbow : bulle AG Asali ou en salle Reliability-Weil. [&hellip;]<\/p>\n","protected":false},"author":2,"featured_media":32713,"comment_status":"closed","ping_status":"open","sticky":false,"template":"","format":"standard","meta":{"footnotes":""},"categories":[29],"tags":[],"class_list":["post-29595","post","type-post","status-publish","format-standard","has-post-thumbnail","hentry","category-scabsi"],"publishpress_future_action":{"enabled":false,"date":"2026-05-07 17:04:58","action":"category","newStatus":"draft","terms":[],"taxonomy":"category","extraData":[]},"publishpress_future_workflow_manual_trigger":{"enabledWorkflows":[]},"_links":{"self":[{"href":"https:\/\/www.ce-illkirch.fr\/wordpress\/wp-json\/wp\/v2\/posts\/29595","targetHints":{"allow":["GET"]}}],"collection":[{"href":"https:\/\/www.ce-illkirch.fr\/wordpress\/wp-json\/wp\/v2\/posts"}],"about":[{"href":"https:\/\/www.ce-illkirch.fr\/wordpress\/wp-json\/wp\/v2\/types\/post"}],"author":[{"embeddable":true,"href":"https:\/\/www.ce-illkirch.fr\/wordpress\/wp-json\/wp\/v2\/users\/2"}],"replies":[{"embeddable":true,"href":"https:\/\/www.ce-illkirch.fr\/wordpress\/wp-json\/wp\/v2\/comments?post=29595"}],"version-history":[{"count":8,"href":"https:\/\/www.ce-illkirch.fr\/wordpress\/wp-json\/wp\/v2\/posts\/29595\/revisions"}],"predecessor-version":[{"id":32803,"href":"https:\/\/www.ce-illkirch.fr\/wordpress\/wp-json\/wp\/v2\/posts\/29595\/revisions\/32803"}],"wp:featuredmedia":[{"embeddable":true,"href":"https:\/\/www.ce-illkirch.fr\/wordpress\/wp-json\/wp\/v2\/media\/32713"}],"wp:attachment":[{"href":"https:\/\/www.ce-illkirch.fr\/wordpress\/wp-json\/wp\/v2\/media?parent=29595"}],"wp:term":[{"taxonomy":"category","embeddable":true,"href":"https:\/\/www.ce-illkirch.fr\/wordpress\/wp-json\/wp\/v2\/categories?post=29595"},{"taxonomy":"post_tag","embeddable":true,"href":"https:\/\/www.ce-illkirch.fr\/wordpress\/wp-json\/wp\/v2\/tags?post=29595"}],"curies":[{"name":"wp","href":"https:\/\/api.w.org\/{rel}","templated":true}]}}