{"id":29887,"date":"2026-01-30T14:43:20","date_gmt":"2026-01-30T13:43:20","guid":{"rendered":"https:\/\/www.ce-illkirch.fr\/wordpress\/?p=29887"},"modified":"2026-02-10T11:40:36","modified_gmt":"2026-02-10T10:40:36","slug":"sondage-achat-casques","status":"publish","type":"post","link":"https:\/\/www.ce-illkirch.fr\/wordpress\/2026\/01\/non-classe\/sondage-achat-casques\/","title":{"rendered":"Achat Casques"},"content":{"rendered":"<p><strong>&#8211; Derni\u00e8re Commande avant le 6\/02 &#8211;<\/strong><\/p>\n<p>La Commission Transport organise un achat group\u00e9 de casques pour cyclistes. <strong>La commission transport subventionne \u00e0 hauteur de 15 \u20ac par article, la subvention est limit\u00e9e \u00e0 2 articles par salari\u00e9. Commande au CSE.<\/strong><\/p>\n<ul>\n<li><a href=\"https:\/\/www.ce-illkirch.fr\/wordpress\/wp-content\/uploads\/2022\/03\/casquesMY26_Maze_KC_Galaxy_02.jpg.thumb_.572.572.png\"><img loading=\"lazy\" decoding=\"async\" class=\" wp-image-38472 alignleft\" src=\"https:\/\/www.ce-illkirch.fr\/wordpress\/wp-content\/uploads\/2022\/03\/casquesMY26_Maze_KC_Galaxy_02.jpg.thumb_.572.572-300x300.png\" alt=\"\" width=\"209\" height=\"209\" srcset=\"https:\/\/www.ce-illkirch.fr\/wordpress\/wp-content\/uploads\/2022\/03\/casquesMY26_Maze_KC_Galaxy_02.jpg.thumb_.572.572-300x300.png 300w, https:\/\/www.ce-illkirch.fr\/wordpress\/wp-content\/uploads\/2022\/03\/casquesMY26_Maze_KC_Galaxy_02.jpg.thumb_.572.572-150x150.png 150w, https:\/\/www.ce-illkirch.fr\/wordpress\/wp-content\/uploads\/2022\/03\/casquesMY26_Maze_KC_Galaxy_02.jpg.thumb_.572.572-250x250.png 250w, https:\/\/www.ce-illkirch.fr\/wordpress\/wp-content\/uploads\/2022\/03\/casquesMY26_Maze_KC_Galaxy_02.jpg.thumb_.572.572-125x125.png 125w, https:\/\/www.ce-illkirch.fr\/wordpress\/wp-content\/uploads\/2022\/03\/casquesMY26_Maze_KC_Galaxy_02.jpg.thumb_.572.572-110x110.png 110w, https:\/\/www.ce-illkirch.fr\/wordpress\/wp-content\/uploads\/2022\/03\/casquesMY26_Maze_KC_Galaxy_02.jpg.thumb_.572.572-420x420.png 420w, https:\/\/www.ce-illkirch.fr\/wordpress\/wp-content\/uploads\/2022\/03\/casquesMY26_Maze_KC_Galaxy_02.jpg.thumb_.572.572-430x430.png 430w, https:\/\/www.ce-illkirch.fr\/wordpress\/wp-content\/uploads\/2022\/03\/casquesMY26_Maze_KC_Galaxy_02.jpg.thumb_.572.572-120x120.png 120w, https:\/\/www.ce-illkirch.fr\/wordpress\/wp-content\/uploads\/2022\/03\/casquesMY26_Maze_KC_Galaxy_02.jpg.thumb_.572.572.png 572w\" sizes=\"auto, (max-width: 209px) 100vw, 209px\" \/><\/a><strong>Casque Lazer Maze<\/strong> &#8211; <strong>Tarif 37 \u20ac*<\/strong> avec couleur au choix (sauf \u00ab\u00a0Copper\u00a0\u00bb qui est plus cher) : <a href=\"https:\/\/www.lazersport.com\/fr\/helmets\/leisure\/maze-kineticore\">https:\/\/www.lazersport.com\/fr\/helmets\/leisure\/maze-kineticore<\/a>\n<ul>\n<li>Il s&rsquo;agit d&rsquo;un casque purement urbain, disponible en 2 tailles,<\/li>\n<li>Il est compatible avec des lumi\u00e8res arri\u00e8re et un kit hiver, en options.<\/li>\n<\/ul>\n<\/li>\n<\/ul>\n<p>&nbsp;<\/p>\n<ul>\n<li><a href=\"https:\/\/www.ce-illkirch.fr\/wordpress\/wp-content\/uploads\/2022\/03\/casquetempo_Capture-decran-2025-12-03-155615.png\"><img loading=\"lazy\" decoding=\"async\" class=\" wp-image-38471 alignleft\" src=\"https:\/\/www.ce-illkirch.fr\/wordpress\/wp-content\/uploads\/2022\/03\/casquetempo_Capture-decran-2025-12-03-155615-266x300.png\" alt=\"\" width=\"211\" height=\"238\" srcset=\"https:\/\/www.ce-illkirch.fr\/wordpress\/wp-content\/uploads\/2022\/03\/casquetempo_Capture-decran-2025-12-03-155615-266x300.png 266w, https:\/\/www.ce-illkirch.fr\/wordpress\/wp-content\/uploads\/2022\/03\/casquetempo_Capture-decran-2025-12-03-155615-98x110.png 98w, https:\/\/www.ce-illkirch.fr\/wordpress\/wp-content\/uploads\/2022\/03\/casquetempo_Capture-decran-2025-12-03-155615-373x420.png 373w, https:\/\/www.ce-illkirch.fr\/wordpress\/wp-content\/uploads\/2022\/03\/casquetempo_Capture-decran-2025-12-03-155615-381x430.png 381w, https:\/\/www.ce-illkirch.fr\/wordpress\/wp-content\/uploads\/2022\/03\/casquetempo_Capture-decran-2025-12-03-155615.png 409w\" sizes=\"auto, (max-width: 211px) 100vw, 211px\" \/><\/a><strong>Casque Lazer Tempo &#8211; Tarif 49 \u20ac*<\/strong> &#8211; avec couleur au choix : <a href=\"https:\/\/www.lazersport.com\/fr\/helmets\/on-road\/tempo-kineticore\">https:\/\/www.lazersport.com\/fr\/helmets\/on-road\/tempo-kineticore<\/a>\n<ul>\n<li>Il s&rsquo;agit d&rsquo;un casque plus orient\u00e9 pratique loisir, v\u00e9lo de route, disponible en taille unique (54-61 cm de tour de t\u00eate)<\/li>\n<li>Il est \u00e9galement\u00a0compatible avec des lumi\u00e8res arri\u00e8re et un kit hiver, en options.<\/li>\n<\/ul>\n<\/li>\n<\/ul>\n<p>Ces casques sont tous les deux \u00e9quip\u00e9s de la technologie \u00ab\u00a0KinetiCore\u00a0\u00bb qui est un \u00e9quivalent du MIPS, d\u00e9velopp\u00e9 par Lazer, et qui permet une meilleure absorption des chocs. Plus d&rsquo;informations \u00e0 ce sujet ici : <a href=\"https:\/\/www.lazersport.com\/fr\/kineticore\/\">https:\/\/www.lazersport.com\/fr\/kineticore\/<\/a><\/p>\n<p>&nbsp;<\/p>\n<p>&nbsp;<\/p>\n<p>&nbsp;<\/p>\n<p>* <strong>Tarif avec 10%<\/strong> de remise si quantit\u00e9 minimum atteinte.<\/p>\n<p>Mod\u00e8les disponibles au CSE pour essayage.<\/p>\n<p>La Commission Transport.<\/p>\n","protected":false},"excerpt":{"rendered":"<p>&#8211; Derni\u00e8re Commande avant le 6\/02 &#8211; La Commission Transport organise un achat group\u00e9 de casques pour cyclistes. La commission transport subventionne \u00e0 hauteur de 15 \u20ac par article, la [&hellip;]<\/p>\n","protected":false},"author":4,"featured_media":38471,"comment_status":"closed","ping_status":"open","sticky":false,"template":"","format":"standard","meta":{"footnotes":""},"categories":[2,1,39],"tags":[],"class_list":["post-29887","post","type-post","status-publish","format-standard","has-post-thumbnail","hentry","category-a-propos","category-non-classe","category-transport"],"publishpress_future_action":{"enabled":false,"date":"2026-05-05 17:08:51","action":"category","newStatus":"draft","terms":[],"taxonomy":"category","extraData":[]},"publishpress_future_workflow_manual_trigger":{"enabledWorkflows":[]},"_links":{"self":[{"href":"https:\/\/www.ce-illkirch.fr\/wordpress\/wp-json\/wp\/v2\/posts\/29887","targetHints":{"allow":["GET"]}}],"collection":[{"href":"https:\/\/www.ce-illkirch.fr\/wordpress\/wp-json\/wp\/v2\/posts"}],"about":[{"href":"https:\/\/www.ce-illkirch.fr\/wordpress\/wp-json\/wp\/v2\/types\/post"}],"author":[{"embeddable":true,"href":"https:\/\/www.ce-illkirch.fr\/wordpress\/wp-json\/wp\/v2\/users\/4"}],"replies":[{"embeddable":true,"href":"https:\/\/www.ce-illkirch.fr\/wordpress\/wp-json\/wp\/v2\/comments?post=29887"}],"version-history":[{"count":26,"href":"https:\/\/www.ce-illkirch.fr\/wordpress\/wp-json\/wp\/v2\/posts\/29887\/revisions"}],"predecessor-version":[{"id":38794,"href":"https:\/\/www.ce-illkirch.fr\/wordpress\/wp-json\/wp\/v2\/posts\/29887\/revisions\/38794"}],"wp:featuredmedia":[{"embeddable":true,"href":"https:\/\/www.ce-illkirch.fr\/wordpress\/wp-json\/wp\/v2\/media\/38471"}],"wp:attachment":[{"href":"https:\/\/www.ce-illkirch.fr\/wordpress\/wp-json\/wp\/v2\/media?parent=29887"}],"wp:term":[{"taxonomy":"category","embeddable":true,"href":"https:\/\/www.ce-illkirch.fr\/wordpress\/wp-json\/wp\/v2\/categories?post=29887"},{"taxonomy":"post_tag","embeddable":true,"href":"https:\/\/www.ce-illkirch.fr\/wordpress\/wp-json\/wp\/v2\/tags?post=29887"}],"curies":[{"name":"wp","href":"https:\/\/api.w.org\/{rel}","templated":true}]}}