{"id":29990,"date":"2022-03-28T18:30:44","date_gmt":"2022-03-28T16:30:44","guid":{"rendered":"https:\/\/www.ce-illkirch.fr\/wordpress\/?p=29990"},"modified":"2022-10-21T15:56:10","modified_gmt":"2022-10-21T13:56:10","slug":"election-des-delegues-a-la-convention-annuelle-de-suivi-du-canton-la-boetie","status":"publish","type":"post","link":"https:\/\/www.ce-illkirch.fr\/wordpress\/2022\/03\/prestataires-de-services\/election-des-delegues-a-la-convention-annuelle-de-suivi-du-canton-la-boetie\/","title":{"rendered":"Election des d\u00e9l\u00e9gu\u00e9s \u00e0 la convention de suivi du Canton La Bo\u00e9tie"},"content":{"rendered":"<p>R\u00e9sultats de l&rsquo;\u00e9lection des d\u00e9l\u00e9gu\u00e9s \u00e0 la convention annuelle du Canton La Bo\u00e9tie :<\/p>\n<ul>\n<li>Nombre d\u2019inscrits\u00a0: 12 151<\/li>\n<li>Nombre de votants\u00a0: 1758<\/li>\n<li>Taux de participation\u00a0: 14,47 %<\/li>\n<li>Nombre de suffrages valablement exprim\u00e9s\u00a0: 1731<\/li>\n<\/ul>\n<p>Merci aux salari\u00e9s qui ont fait l&rsquo;effort de voter !<\/p>\n<p>R\u00e9sultats par organisation syndicale :<\/p>\n<ul>\n<li>CFDT\u00a0\u00a0\u00a0\u00a0\u00a0\u00a0 : 809 voix, 46,74 % des voix, 31 d\u00e9l\u00e9gu\u00e9s \u00e9lus<\/li>\n<li>CFE-CGC\u00a0: 444 voix, 25,65 % des voix, 17 d\u00e9l\u00e9gu\u00e9s \u00e9lus<\/li>\n<li>CGT\u00a0\u00a0\u00a0\u00a0\u00a0\u00a0\u00a0\u00a0\u00a0 : 375 voix, 21,66% des voix, 14 d\u00e9l\u00e9gu\u00e9s \u00e9lus<\/li>\n<li>CFTC\u00a0\u00a0\u00a0\u00a0\u00a0\u00a0\u00a0 : 103 voix, 5,95 % des voix, 4 d\u00e9l\u00e9gu\u00e9s \u00e9lus<\/li>\n<\/ul>\n<p>Pour le site <strong>ALE Illkirch<\/strong>, sont donc \u00e9lus \u00e0 la Convention annuelle de suivi :<\/p>\n<ul>\n<li><strong>Delphine Nicolas<\/strong> (CFDT)<\/li>\n<li><strong>Jean-Paul Limmacher<\/strong> (CFE-CGC)<\/li>\n<\/ul>\n<p>Le Canton La Bo\u00e9tie est une structure de mutualisation des <strong>contrats de pr\u00e9voyance et de frais de sant\u00e9 <\/strong>de plus de 50 entreprises dont\u00a0 <strong>ALE. <\/strong>Le Canton couvre plus de 13 000 familles et pr\u00e8s de 35\u00a0000 b\u00e9n\u00e9ficiaires pour les frais de sant\u00e9, il est h\u00e9berg\u00e9 par Malakoff Humanis.<br \/>\nLa gouvernance du Canton est paritaire. Tous les 6 ans, des \u00e9lections permettent de renouveler vos repr\u00e9sentants (coll\u00e8ge salari\u00e9s).<\/p>\n<p>Ces repr\u00e9sentants issus de vos entreprises ont la charge du suivi et des \u00e9volutions de vos contrats sant\u00e9 et pr\u00e9voyance au sein du groupe Malakoff Humanis. Par exemple, la d\u00e9cision de pr\u00e9lever la cotisation du 4 \u00e8me trimestre 2020 sur les r\u00e9serves a \u00e9t\u00e9 prise par la Commission Paritaire Technique qui en est issue.<\/p>\n","protected":false},"excerpt":{"rendered":"<p>R\u00e9sultats de l&rsquo;\u00e9lection des d\u00e9l\u00e9gu\u00e9s \u00e0 la convention annuelle du Canton La Bo\u00e9tie : Nombre d\u2019inscrits\u00a0: 12 151 Nombre de votants\u00a0: 1758 Taux de participation\u00a0: 14,47 % Nombre de suffrages [&hellip;]<\/p>\n","protected":false},"author":7,"featured_media":0,"comment_status":"closed","ping_status":"open","sticky":false,"template":"","format":"standard","meta":{"footnotes":""},"categories":[23,35],"tags":[],"class_list":["post-29990","post","type-post","status-publish","format-standard","hentry","category-prestataires-de-services","category-top_a_la_une"],"publishpress_future_action":{"enabled":false,"date":"2026-05-09 10:23:06","action":"category","newStatus":"draft","terms":[],"taxonomy":"category","extraData":[]},"publishpress_future_workflow_manual_trigger":{"enabledWorkflows":[]},"_links":{"self":[{"href":"https:\/\/www.ce-illkirch.fr\/wordpress\/wp-json\/wp\/v2\/posts\/29990","targetHints":{"allow":["GET"]}}],"collection":[{"href":"https:\/\/www.ce-illkirch.fr\/wordpress\/wp-json\/wp\/v2\/posts"}],"about":[{"href":"https:\/\/www.ce-illkirch.fr\/wordpress\/wp-json\/wp\/v2\/types\/post"}],"author":[{"embeddable":true,"href":"https:\/\/www.ce-illkirch.fr\/wordpress\/wp-json\/wp\/v2\/users\/7"}],"replies":[{"embeddable":true,"href":"https:\/\/www.ce-illkirch.fr\/wordpress\/wp-json\/wp\/v2\/comments?post=29990"}],"version-history":[{"count":8,"href":"https:\/\/www.ce-illkirch.fr\/wordpress\/wp-json\/wp\/v2\/posts\/29990\/revisions"}],"predecessor-version":[{"id":31475,"href":"https:\/\/www.ce-illkirch.fr\/wordpress\/wp-json\/wp\/v2\/posts\/29990\/revisions\/31475"}],"wp:attachment":[{"href":"https:\/\/www.ce-illkirch.fr\/wordpress\/wp-json\/wp\/v2\/media?parent=29990"}],"wp:term":[{"taxonomy":"category","embeddable":true,"href":"https:\/\/www.ce-illkirch.fr\/wordpress\/wp-json\/wp\/v2\/categories?post=29990"},{"taxonomy":"post_tag","embeddable":true,"href":"https:\/\/www.ce-illkirch.fr\/wordpress\/wp-json\/wp\/v2\/tags?post=29990"}],"curies":[{"name":"wp","href":"https:\/\/api.w.org\/{rel}","templated":true}]}}