{"id":30039,"date":"2025-08-28T15:40:14","date_gmt":"2025-08-28T13:40:14","guid":{"rendered":"https:\/\/www.ce-illkirch.fr\/wordpress\/?p=30039"},"modified":"2025-08-28T16:22:24","modified_gmt":"2025-08-28T14:22:24","slug":"chant-ukulele","status":"publish","type":"post","link":"https:\/\/www.ce-illkirch.fr\/wordpress\/2025\/08\/loisirs\/chant-ukulele\/","title":{"rendered":"Cours de chant et\/ou Ukul\u00e9l\u00e9 sur site"},"content":{"rendered":"<p><strong>Chant : REPRISE LE 8\/09 &#8211; Les Lundis de 12h10 \u00e0 13h15<\/strong> dans la grande salle du B0 : petite chorale \u00e0 quatre voix avec un r\u00e9pertoire vari\u00e9 du moyen \u00e2ge \u00e0 notre \u00e9poque (accessible aux d\u00e9butants). Premi\u00e8re s\u00e9ance d&rsquo;essai gratuite et sans engagement. <strong>Tarif annuel 50 \u20ac ALE<\/strong> (100 \u20ac ext)<\/p>\n<p>Nous souhaitons \u00e9toffer le groupe, si l&rsquo;exp\u00e9rience vous tente, n&rsquo;h\u00e9sitez pas \u00e0 nous contacter ! Annie Armando<\/p>\n<p>Notre professeur, Susan Griffiths, est choriste \u00e0 l\u2019Op\u00e9ra du Rhin. C\u2019est surtout une chef de ch\u0153ur pleine de vie, qui donne plaisir \u00e0 chanter, \u00e0 d\u00e9couvrir ce que nos voix m\u00eal\u00e9es sont capables de cr\u00e9er comme alchimie sonore.<\/p>\n<p><strong>Ukul\u00e9l\u00e9 : REPRISE LE 9\/09 &#8211; Les Mardis de 12h30 \u00e0 13h30<\/strong> avec le professeur Benjamin Thimel &#8211; s\u00e9ance d&rsquo;essai gratuite en septembre &#8211; 10 \u20ac la s\u00e9ance &#8211; <strong>Tarif trimestre ALE 88 \u20ac<\/strong> au lieu de 104 \u20ac (variable selon le nombre de s\u00e9ances) &#8211; Wanita Anthonee<\/p>\n<p>&nbsp;<\/p>\n<p>&nbsp;<\/p>\n","protected":false},"excerpt":{"rendered":"<p>Chant : REPRISE LE 8\/09 &#8211; Les Lundis de 12h10 \u00e0 13h15 dans la grande salle du B0 : petite chorale \u00e0 quatre voix avec un r\u00e9pertoire vari\u00e9 du moyen [&hellip;]<\/p>\n","protected":false},"author":7,"featured_media":35652,"comment_status":"closed","ping_status":"open","sticky":false,"template":"","format":"standard","meta":{"footnotes":""},"categories":[51,16,35],"tags":[],"class_list":["post-30039","post","type-post","status-publish","format-standard","has-post-thumbnail","hentry","category-groupe-vocal","category-loisirs","category-top_a_la_une"],"publishpress_future_action":{"enabled":false,"date":"2026-05-07 11:39:49","action":"category","newStatus":"draft","terms":[],"taxonomy":"category","extraData":[]},"publishpress_future_workflow_manual_trigger":{"enabledWorkflows":[]},"_links":{"self":[{"href":"https:\/\/www.ce-illkirch.fr\/wordpress\/wp-json\/wp\/v2\/posts\/30039","targetHints":{"allow":["GET"]}}],"collection":[{"href":"https:\/\/www.ce-illkirch.fr\/wordpress\/wp-json\/wp\/v2\/posts"}],"about":[{"href":"https:\/\/www.ce-illkirch.fr\/wordpress\/wp-json\/wp\/v2\/types\/post"}],"author":[{"embeddable":true,"href":"https:\/\/www.ce-illkirch.fr\/wordpress\/wp-json\/wp\/v2\/users\/7"}],"replies":[{"embeddable":true,"href":"https:\/\/www.ce-illkirch.fr\/wordpress\/wp-json\/wp\/v2\/comments?post=30039"}],"version-history":[{"count":17,"href":"https:\/\/www.ce-illkirch.fr\/wordpress\/wp-json\/wp\/v2\/posts\/30039\/revisions"}],"predecessor-version":[{"id":37903,"href":"https:\/\/www.ce-illkirch.fr\/wordpress\/wp-json\/wp\/v2\/posts\/30039\/revisions\/37903"}],"wp:featuredmedia":[{"embeddable":true,"href":"https:\/\/www.ce-illkirch.fr\/wordpress\/wp-json\/wp\/v2\/media\/35652"}],"wp:attachment":[{"href":"https:\/\/www.ce-illkirch.fr\/wordpress\/wp-json\/wp\/v2\/media?parent=30039"}],"wp:term":[{"taxonomy":"category","embeddable":true,"href":"https:\/\/www.ce-illkirch.fr\/wordpress\/wp-json\/wp\/v2\/categories?post=30039"},{"taxonomy":"post_tag","embeddable":true,"href":"https:\/\/www.ce-illkirch.fr\/wordpress\/wp-json\/wp\/v2\/tags?post=30039"}],"curies":[{"name":"wp","href":"https:\/\/api.w.org\/{rel}","templated":true}]}}