{"id":30693,"date":"2025-07-02T10:40:59","date_gmt":"2025-07-02T08:40:59","guid":{"rendered":"https:\/\/www.ce-illkirch.fr\/wordpress\/?p=30693"},"modified":"2025-07-22T16:50:48","modified_gmt":"2025-07-22T14:50:48","slug":"montee-du-mt-ste-odile-a-velo","status":"publish","type":"post","link":"https:\/\/www.ce-illkirch.fr\/wordpress\/2025\/07\/scabsi\/scabsi-velo\/montee-du-mt-ste-odile-a-velo\/","title":{"rendered":"Mont\u00e9e du Mt Ste Odile \u00e0 v\u00e9lo du vendredi 11\/07"},"content":{"rendered":"<p>Apr\u00e8s s\u2019\u00eatre \u00e9chauff\u00e9 lors challenge \u00ab Au Boulot \u00e0 V\u00e9lo \u00bb, la section cyclisme ASALI vous propose une mont\u00e9e du Mt Ste Odile \u00e0 v\u00e9lo le <strong>vendredi 11 juillet <\/strong>en fin d\u2019apr\u00e8s-midi, puis, rendez-vous \u00e0 \u00ab\u00a0l\u2019Etoile d\u2019Or\u00a0\u00bb \u00e0 Ottrott pour une tarte flamb\u00e9e\u00a0: 107 rue Principale.<\/p>\n<p>Merci d\u2019indiquer votre participation dans ce <a href=\"https:\/\/framadate.org\/RTNXV9sHpo7EDoR8\"><strong>sondage<\/strong><\/a> avant le mercredi 9 juillet <strong>: <\/strong>pour \u00ab\u00a0la mont\u00e9e et le resto\u00a0\u00bb OU pour \u00ab\u00a0la mont\u00e9e seulement\u00a0\u00bb.<\/p>\n<p>Planning\u00a0:<\/p>\n<ul>\n<li>Stationnement \u00e0 Ottrott\u00a0au parking de la salle des f\u00eates avenue des Myrtilles\u00a0: <strong><a href=\"Lieu%20de%20rendez-vous\">Lieu de rendez-vous<\/a><\/strong><\/li>\n<li><strong>17h45 <\/strong>: D\u00e9part \u00e0 v\u00e9lo ensemble pour l\u2019approche de la Mont\u00e9e du Mont Sainte-Odile\u00a0: 5km et D+ 114m ou bien via le quartier du Eichwaeldel c\u2019est plus \u00a0sympa<\/li>\n<li><u>Mont\u00e9e mythique du Mont Sainte-Odile<\/u> chacun \u00e0 son rythme: 6km et D+ 406m<\/li>\n<li>Descente ensemble du Mont Sainte Odile via St Nabor\u00a0: 8.5km et D- 500m\u00a0ou via le sentier des P\u00e8lerins pour les VTTistes<\/li>\n<li>20h30: Resto tartes flamb\u00e9es \u00e0 Ottrott \u00e0 l\u2019Etoile d\u2019Or<\/li>\n<\/ul>\n<p>Remarques :<\/p>\n<ul>\n<li>Ce n\u2019est pas une course, chacun se chronom\u00e8tre s&rsquo;il le souhaite<\/li>\n<li>Chacun roule sous sa propre responsabilit\u00e9<\/li>\n<li>Tout type de v\u00e9lo autoris\u00e9\u00a0: route, VTT, v\u00e9lo de ville, VAE, \u2026<\/li>\n<li><strong>Casque obligatoire<\/strong><\/li>\n<li><strong>Gilet fluo<\/strong> et <strong>\u00e9clairage avant et arri\u00e8re obligatoire <\/strong>(si retour de nuit, mais on devrait \u00eatre de retour avant)<\/li>\n<li>Prendre au moins une chambre \u00e0 air \u00e0 la dimension des pneus de votre v\u00e9lo + 2 d\u00e9monte-pneus + pompe<\/li>\n<li>Pensez aussi \u00e0 prendre de l\u2019eau et un encas<\/li>\n<\/ul>\n","protected":false},"excerpt":{"rendered":"<p>Apr\u00e8s s\u2019\u00eatre \u00e9chauff\u00e9 lors challenge \u00ab Au Boulot \u00e0 V\u00e9lo \u00bb, la section cyclisme ASALI vous propose une mont\u00e9e du Mt Ste Odile \u00e0 v\u00e9lo le vendredi 11 juillet en [&hellip;]<\/p>\n","protected":false},"author":4,"featured_media":33418,"comment_status":"closed","ping_status":"open","sticky":false,"template":"","format":"standard","meta":{"footnotes":""},"categories":[30],"tags":[],"class_list":["post-30693","post","type-post","status-publish","format-standard","has-post-thumbnail","hentry","category-scabsi-velo"],"publishpress_future_action":{"enabled":false,"date":"2026-05-06 23:21:19","action":"category","newStatus":"draft","terms":[],"taxonomy":"category","extraData":[]},"publishpress_future_workflow_manual_trigger":{"enabledWorkflows":[]},"_links":{"self":[{"href":"https:\/\/www.ce-illkirch.fr\/wordpress\/wp-json\/wp\/v2\/posts\/30693","targetHints":{"allow":["GET"]}}],"collection":[{"href":"https:\/\/www.ce-illkirch.fr\/wordpress\/wp-json\/wp\/v2\/posts"}],"about":[{"href":"https:\/\/www.ce-illkirch.fr\/wordpress\/wp-json\/wp\/v2\/types\/post"}],"author":[{"embeddable":true,"href":"https:\/\/www.ce-illkirch.fr\/wordpress\/wp-json\/wp\/v2\/users\/4"}],"replies":[{"embeddable":true,"href":"https:\/\/www.ce-illkirch.fr\/wordpress\/wp-json\/wp\/v2\/comments?post=30693"}],"version-history":[{"count":20,"href":"https:\/\/www.ce-illkirch.fr\/wordpress\/wp-json\/wp\/v2\/posts\/30693\/revisions"}],"predecessor-version":[{"id":37763,"href":"https:\/\/www.ce-illkirch.fr\/wordpress\/wp-json\/wp\/v2\/posts\/30693\/revisions\/37763"}],"wp:featuredmedia":[{"embeddable":true,"href":"https:\/\/www.ce-illkirch.fr\/wordpress\/wp-json\/wp\/v2\/media\/33418"}],"wp:attachment":[{"href":"https:\/\/www.ce-illkirch.fr\/wordpress\/wp-json\/wp\/v2\/media?parent=30693"}],"wp:term":[{"taxonomy":"category","embeddable":true,"href":"https:\/\/www.ce-illkirch.fr\/wordpress\/wp-json\/wp\/v2\/categories?post=30693"},{"taxonomy":"post_tag","embeddable":true,"href":"https:\/\/www.ce-illkirch.fr\/wordpress\/wp-json\/wp\/v2\/tags?post=30693"}],"curies":[{"name":"wp","href":"https:\/\/api.w.org\/{rel}","templated":true}]}}