{"id":30805,"date":"2022-07-13T11:28:40","date_gmt":"2022-07-13T09:28:40","guid":{"rendered":"https:\/\/www.ce-illkirch.fr\/wordpress\/?p=30805"},"modified":"2023-03-07T10:32:29","modified_gmt":"2023-03-07T09:32:29","slug":"quoi-de-neuf-a-la-brico","status":"publish","type":"post","link":"https:\/\/www.ce-illkirch.fr\/wordpress\/2022\/07\/non-classe\/quoi-de-neuf-a-la-brico\/","title":{"rendered":"Quoi de neuf \u00e0 la Brico ?"},"content":{"rendered":"<p><em><strong><u>De nouveaux achats<\/u><\/strong><\/em><\/p>\n<p><strong>Gabarit de coupe de plan de travail cuisine <\/strong>Ce gabarit vous permettra de r\u00e9aliser un assemblage parfait de votre plan de travail.<\/p>\n<p><img loading=\"lazy\" decoding=\"async\" class=\"alignnone size-medium wp-image-30807\" src=\"https:\/\/www.ce-illkirch.fr\/wordpress\/wp-content\/uploads\/2022\/07\/gabarit-141x300.jpg\" alt=\"\" width=\"141\" height=\"300\" srcset=\"https:\/\/www.ce-illkirch.fr\/wordpress\/wp-content\/uploads\/2022\/07\/gabarit-141x300.jpg 141w, https:\/\/www.ce-illkirch.fr\/wordpress\/wp-content\/uploads\/2022\/07\/gabarit-52x110.jpg 52w, https:\/\/www.ce-illkirch.fr\/wordpress\/wp-content\/uploads\/2022\/07\/gabarit-198x420.jpg 198w, https:\/\/www.ce-illkirch.fr\/wordpress\/wp-content\/uploads\/2022\/07\/gabarit-202x430.jpg 202w, https:\/\/www.ce-illkirch.fr\/wordpress\/wp-content\/uploads\/2022\/07\/gabarit.jpg 360w\" sizes=\"auto, (max-width: 141px) 100vw, 141px\" \/><\/p>\n<p>La location comprend \u00e9galement les fraises, prix de location\u00a0: <strong>3 euros<\/strong><\/p>\n<p>&nbsp;<\/p>\n<p>&nbsp;<\/p>\n<p>Un nouveau <strong>niveau laser BOSCH <\/strong>qualit\u00e9 professionnelle<\/p>\n<p><strong>Port\u00e9e jusqu\u2019\u00e0 30 M. <\/strong>Visibilit\u00e9 in\u00e9dite sur 3 x 360\u00b0.<\/p>\n<p><strong> <img loading=\"lazy\" decoding=\"async\" class=\"alignnone size-medium wp-image-30808\" src=\"https:\/\/www.ce-illkirch.fr\/wordpress\/wp-content\/uploads\/2022\/07\/niveau-laser-300x269.png\" alt=\"\" width=\"300\" height=\"269\" srcset=\"https:\/\/www.ce-illkirch.fr\/wordpress\/wp-content\/uploads\/2022\/07\/niveau-laser-300x269.png 300w, https:\/\/www.ce-illkirch.fr\/wordpress\/wp-content\/uploads\/2022\/07\/niveau-laser-110x99.png 110w, https:\/\/www.ce-illkirch.fr\/wordpress\/wp-content\/uploads\/2022\/07\/niveau-laser-420x377.png 420w, https:\/\/www.ce-illkirch.fr\/wordpress\/wp-content\/uploads\/2022\/07\/niveau-laser.png 458w\" sizes=\"auto, (max-width: 300px) 100vw, 300px\" \/><\/strong><\/p>\n<p>Prix\u00a0de la location : <strong>6 euros.<\/strong><\/p>\n<p><strong>\u00a0<\/strong><\/p>\n<p><strong><em><u>Nous contacter<\/u><\/em><\/strong><\/p>\n<p>La bricoth\u00e8que se met \u00e0 la page\u00a0: d\u00e9sormais faites vos r\u00e9servations ou v\u00e9rifiez une disponibilit\u00e9 en toute tranquillit\u00e9 depuis votre poste de travail pendant les heures de permanence.\u00a0:<\/p>\n<p>Via Rainbow sur le compte Bricoth\u00e8que Illkirch<\/p>\n<p>par mail <a href=\"mailto:bricotheque@al-enterprise.com\"><strong>bricotheque@al-enterprise.com<\/strong><\/a><\/p>\n<p>ou par t\u00e9l\u00e9phone au <strong>21875164<\/strong><\/p>\n","protected":false},"excerpt":{"rendered":"<p>De nouveaux achats Gabarit de coupe de plan de travail cuisine Ce gabarit vous permettra de r\u00e9aliser un assemblage parfait de votre plan de travail. La location comprend \u00e9galement les [&hellip;]<\/p>\n","protected":false},"author":8,"featured_media":29357,"comment_status":"closed","ping_status":"open","sticky":false,"template":"","format":"standard","meta":{"footnotes":""},"categories":[7,1,112],"tags":[],"class_list":["post-30805","post","type-post","status-publish","format-standard","has-post-thumbnail","hentry","category-bricotheque","category-non-classe","category-nouveautes"],"publishpress_future_action":{"enabled":false,"date":"2026-05-03 10:14:59","action":"category","newStatus":"draft","terms":[],"taxonomy":"category","extraData":[]},"publishpress_future_workflow_manual_trigger":{"enabledWorkflows":[]},"_links":{"self":[{"href":"https:\/\/www.ce-illkirch.fr\/wordpress\/wp-json\/wp\/v2\/posts\/30805","targetHints":{"allow":["GET"]}}],"collection":[{"href":"https:\/\/www.ce-illkirch.fr\/wordpress\/wp-json\/wp\/v2\/posts"}],"about":[{"href":"https:\/\/www.ce-illkirch.fr\/wordpress\/wp-json\/wp\/v2\/types\/post"}],"author":[{"embeddable":true,"href":"https:\/\/www.ce-illkirch.fr\/wordpress\/wp-json\/wp\/v2\/users\/8"}],"replies":[{"embeddable":true,"href":"https:\/\/www.ce-illkirch.fr\/wordpress\/wp-json\/wp\/v2\/comments?post=30805"}],"version-history":[{"count":4,"href":"https:\/\/www.ce-illkirch.fr\/wordpress\/wp-json\/wp\/v2\/posts\/30805\/revisions"}],"predecessor-version":[{"id":32807,"href":"https:\/\/www.ce-illkirch.fr\/wordpress\/wp-json\/wp\/v2\/posts\/30805\/revisions\/32807"}],"wp:featuredmedia":[{"embeddable":true,"href":"https:\/\/www.ce-illkirch.fr\/wordpress\/wp-json\/wp\/v2\/media\/29357"}],"wp:attachment":[{"href":"https:\/\/www.ce-illkirch.fr\/wordpress\/wp-json\/wp\/v2\/media?parent=30805"}],"wp:term":[{"taxonomy":"category","embeddable":true,"href":"https:\/\/www.ce-illkirch.fr\/wordpress\/wp-json\/wp\/v2\/categories?post=30805"},{"taxonomy":"post_tag","embeddable":true,"href":"https:\/\/www.ce-illkirch.fr\/wordpress\/wp-json\/wp\/v2\/tags?post=30805"}],"curies":[{"name":"wp","href":"https:\/\/api.w.org\/{rel}","templated":true}]}}