{"id":30821,"date":"2022-07-18T18:01:34","date_gmt":"2022-07-18T16:01:34","guid":{"rendered":"https:\/\/www.ce-illkirch.fr\/wordpress\/?p=30821"},"modified":"2023-12-07T14:38:28","modified_gmt":"2023-12-07T13:38:28","slug":"regime-des-retraites-du-canton-la-boetie","status":"publish","type":"post","link":"https:\/\/www.ce-illkirch.fr\/wordpress\/2022\/07\/prestataires-de-services\/regime-des-retraites-du-canton-la-boetie\/","title":{"rendered":"R\u00e9gime des retrait\u00e9s du Canton La Bo\u00e9tie"},"content":{"rendered":"<p>Malakoff Humanis nous communique les liens vers les pages d\u00e9di\u00e9es (mini site internet) cr\u00e9\u00e9es pour les assur\u00e9s qui souhaitent b\u00e9n\u00e9ficier du <strong>r\u00e9gime des retrait\u00e9s du Canton La Bo\u00e9tie<\/strong> :<\/p>\n<ul>\n<li>Lien pour tout nouvel adh\u00e9rent avec les points de contacts en bas de page : <a href=\"http:\/\/univers.malakoffhumanis.com\/nouvel-adherent.html\" target=\"_blank\" rel=\"noopener\">http:\/\/univers.malakoffhumanis.com\/nouvel-adherent.html<\/a><\/li>\n<li>Lien pour avoir acc\u00e8s aux documents des r\u00e9gimes sant\u00e9 (BRN\/BRS) des retrait\u00e9s : <a href=\"http:\/\/univers.malakoffhumanis.com\/mes-documents.html\" target=\"_blank\" rel=\"noopener\">http:\/\/univers.malakoffhumanis.com\/mes-documents.html<\/a><\/li>\n<\/ul>\n","protected":false},"excerpt":{"rendered":"<p>Malakoff Humanis nous communique les liens vers les pages d\u00e9di\u00e9es (mini site internet) cr\u00e9\u00e9es pour les assur\u00e9s qui souhaitent b\u00e9n\u00e9ficier du r\u00e9gime des retrait\u00e9s du Canton La Bo\u00e9tie : Lien [&hellip;]<\/p>\n","protected":false},"author":7,"featured_media":30822,"comment_status":"closed","ping_status":"open","sticky":false,"template":"","format":"standard","meta":{"footnotes":""},"categories":[23,27],"tags":[],"class_list":["post-30821","post","type-post","status-publish","format-standard","has-post-thumbnail","hentry","category-prestataires-de-services","category-retraites"],"publishpress_future_action":{"enabled":false,"date":"2026-05-09 08:46:47","action":"category","newStatus":"draft","terms":[],"taxonomy":"category","extraData":[]},"publishpress_future_workflow_manual_trigger":{"enabledWorkflows":[]},"_links":{"self":[{"href":"https:\/\/www.ce-illkirch.fr\/wordpress\/wp-json\/wp\/v2\/posts\/30821","targetHints":{"allow":["GET"]}}],"collection":[{"href":"https:\/\/www.ce-illkirch.fr\/wordpress\/wp-json\/wp\/v2\/posts"}],"about":[{"href":"https:\/\/www.ce-illkirch.fr\/wordpress\/wp-json\/wp\/v2\/types\/post"}],"author":[{"embeddable":true,"href":"https:\/\/www.ce-illkirch.fr\/wordpress\/wp-json\/wp\/v2\/users\/7"}],"replies":[{"embeddable":true,"href":"https:\/\/www.ce-illkirch.fr\/wordpress\/wp-json\/wp\/v2\/comments?post=30821"}],"version-history":[{"count":1,"href":"https:\/\/www.ce-illkirch.fr\/wordpress\/wp-json\/wp\/v2\/posts\/30821\/revisions"}],"predecessor-version":[{"id":30823,"href":"https:\/\/www.ce-illkirch.fr\/wordpress\/wp-json\/wp\/v2\/posts\/30821\/revisions\/30823"}],"wp:featuredmedia":[{"embeddable":true,"href":"https:\/\/www.ce-illkirch.fr\/wordpress\/wp-json\/wp\/v2\/media\/30822"}],"wp:attachment":[{"href":"https:\/\/www.ce-illkirch.fr\/wordpress\/wp-json\/wp\/v2\/media?parent=30821"}],"wp:term":[{"taxonomy":"category","embeddable":true,"href":"https:\/\/www.ce-illkirch.fr\/wordpress\/wp-json\/wp\/v2\/categories?post=30821"},{"taxonomy":"post_tag","embeddable":true,"href":"https:\/\/www.ce-illkirch.fr\/wordpress\/wp-json\/wp\/v2\/tags?post=30821"}],"curies":[{"name":"wp","href":"https:\/\/api.w.org\/{rel}","templated":true}]}}