{"id":30933,"date":"2022-08-12T11:35:29","date_gmt":"2022-08-12T09:35:29","guid":{"rendered":"https:\/\/www.ce-illkirch.fr\/wordpress\/?p=30933"},"modified":"2022-09-05T14:34:50","modified_gmt":"2022-09-05T12:34:50","slug":"hommage-a-sempe","status":"publish","type":"post","link":"https:\/\/www.ce-illkirch.fr\/wordpress\/2022\/08\/bibliotheque\/hommage-a-sempe\/","title":{"rendered":"Hommage \u00e0 Semp\u00e9"},"content":{"rendered":"<p><span class=\"ILfuVd\" lang=\"fr\"><span class=\"hgKElc\">Jean-Jacques Semp\u00e9 est d\u00e9c\u00e9d\u00e9 ce jeudi \u00e0 l&rsquo;\u00e2ge de 89 ans. Il nous laisse une \u0153uvre immense, un regard toujours tendre mais tellement dou\u00e9 pour d\u00e9crire le quotidien, sans texte&#8230; <\/span><\/span><\/p>\n<p><span class=\"ILfuVd\" lang=\"fr\"><span class=\"hgKElc\">Extrait de \u00ab\u00a0Rien n&rsquo;est simple\u00a0\u00bb :<br \/>\n<\/span><\/span><\/p>\n<p><img loading=\"lazy\" decoding=\"async\" class=\"size-medium wp-image-30934 aligncenter\" src=\"https:\/\/www.ce-illkirch.fr\/wordpress\/wp-content\/uploads\/2022\/08\/sempe_RienNestSimple_velo_1b-300x223.jpg\" alt=\"\" width=\"300\" height=\"223\" srcset=\"https:\/\/www.ce-illkirch.fr\/wordpress\/wp-content\/uploads\/2022\/08\/sempe_RienNestSimple_velo_1b-300x223.jpg 300w, https:\/\/www.ce-illkirch.fr\/wordpress\/wp-content\/uploads\/2022\/08\/sempe_RienNestSimple_velo_1b-768x572.jpg 768w, https:\/\/www.ce-illkirch.fr\/wordpress\/wp-content\/uploads\/2022\/08\/sempe_RienNestSimple_velo_1b-110x82.jpg 110w, https:\/\/www.ce-illkirch.fr\/wordpress\/wp-content\/uploads\/2022\/08\/sempe_RienNestSimple_velo_1b-420x313.jpg 420w, https:\/\/www.ce-illkirch.fr\/wordpress\/wp-content\/uploads\/2022\/08\/sempe_RienNestSimple_velo_1b-577x430.jpg 577w, https:\/\/www.ce-illkirch.fr\/wordpress\/wp-content\/uploads\/2022\/08\/sempe_RienNestSimple_velo_1b.jpg 940w\" sizes=\"auto, (max-width: 300px) 100vw, 300px\" \/><img loading=\"lazy\" decoding=\"async\" class=\"wp-image-30935 size-medium aligncenter\" src=\"https:\/\/www.ce-illkirch.fr\/wordpress\/wp-content\/uploads\/2022\/08\/sempe_RienNestSimple_velo_2b-300x226.jpg\" alt=\"\" width=\"300\" height=\"226\" srcset=\"https:\/\/www.ce-illkirch.fr\/wordpress\/wp-content\/uploads\/2022\/08\/sempe_RienNestSimple_velo_2b-300x226.jpg 300w, https:\/\/www.ce-illkirch.fr\/wordpress\/wp-content\/uploads\/2022\/08\/sempe_RienNestSimple_velo_2b-768x578.jpg 768w, https:\/\/www.ce-illkirch.fr\/wordpress\/wp-content\/uploads\/2022\/08\/sempe_RienNestSimple_velo_2b-110x83.jpg 110w, https:\/\/www.ce-illkirch.fr\/wordpress\/wp-content\/uploads\/2022\/08\/sempe_RienNestSimple_velo_2b-420x316.jpg 420w, https:\/\/www.ce-illkirch.fr\/wordpress\/wp-content\/uploads\/2022\/08\/sempe_RienNestSimple_velo_2b-571x430.jpg 571w, https:\/\/www.ce-illkirch.fr\/wordpress\/wp-content\/uploads\/2022\/08\/sempe_RienNestSimple_velo_2b.jpg 940w\" sizes=\"auto, (max-width: 300px) 100vw, 300px\" \/><\/p>\n<p><img loading=\"lazy\" decoding=\"async\" class=\"size-medium wp-image-30936 aligncenter\" src=\"https:\/\/www.ce-illkirch.fr\/wordpress\/wp-content\/uploads\/2022\/08\/sempe_RienNestSimple_velo_3b-300x229.jpg\" alt=\"\" width=\"300\" height=\"229\" srcset=\"https:\/\/www.ce-illkirch.fr\/wordpress\/wp-content\/uploads\/2022\/08\/sempe_RienNestSimple_velo_3b-300x229.jpg 300w, https:\/\/www.ce-illkirch.fr\/wordpress\/wp-content\/uploads\/2022\/08\/sempe_RienNestSimple_velo_3b-768x587.jpg 768w, https:\/\/www.ce-illkirch.fr\/wordpress\/wp-content\/uploads\/2022\/08\/sempe_RienNestSimple_velo_3b-110x84.jpg 110w, https:\/\/www.ce-illkirch.fr\/wordpress\/wp-content\/uploads\/2022\/08\/sempe_RienNestSimple_velo_3b-420x321.jpg 420w, https:\/\/www.ce-illkirch.fr\/wordpress\/wp-content\/uploads\/2022\/08\/sempe_RienNestSimple_velo_3b-562x430.jpg 562w, https:\/\/www.ce-illkirch.fr\/wordpress\/wp-content\/uploads\/2022\/08\/sempe_RienNestSimple_velo_3b.jpg 940w\" sizes=\"auto, (max-width: 300px) 100vw, 300px\" \/><img loading=\"lazy\" decoding=\"async\" class=\"size-medium wp-image-30937 aligncenter\" src=\"https:\/\/www.ce-illkirch.fr\/wordpress\/wp-content\/uploads\/2022\/08\/sempe_RienNestSimple_velo_4b-300x236.jpg\" alt=\"\" width=\"300\" height=\"236\" srcset=\"https:\/\/www.ce-illkirch.fr\/wordpress\/wp-content\/uploads\/2022\/08\/sempe_RienNestSimple_velo_4b-300x236.jpg 300w, https:\/\/www.ce-illkirch.fr\/wordpress\/wp-content\/uploads\/2022\/08\/sempe_RienNestSimple_velo_4b-768x605.jpg 768w, https:\/\/www.ce-illkirch.fr\/wordpress\/wp-content\/uploads\/2022\/08\/sempe_RienNestSimple_velo_4b-110x87.jpg 110w, https:\/\/www.ce-illkirch.fr\/wordpress\/wp-content\/uploads\/2022\/08\/sempe_RienNestSimple_velo_4b-420x331.jpg 420w, https:\/\/www.ce-illkirch.fr\/wordpress\/wp-content\/uploads\/2022\/08\/sempe_RienNestSimple_velo_4b-545x430.jpg 545w, https:\/\/www.ce-illkirch.fr\/wordpress\/wp-content\/uploads\/2022\/08\/sempe_RienNestSimple_velo_4b.jpg 940w\" sizes=\"auto, (max-width: 300px) 100vw, 300px\" \/><img loading=\"lazy\" decoding=\"async\" class=\"size-medium wp-image-30938 aligncenter\" src=\"https:\/\/www.ce-illkirch.fr\/wordpress\/wp-content\/uploads\/2022\/08\/sempe_RienNestSimple_velo_5b-300x246.jpg\" alt=\"\" width=\"300\" height=\"246\" srcset=\"https:\/\/www.ce-illkirch.fr\/wordpress\/wp-content\/uploads\/2022\/08\/sempe_RienNestSimple_velo_5b-300x246.jpg 300w, https:\/\/www.ce-illkirch.fr\/wordpress\/wp-content\/uploads\/2022\/08\/sempe_RienNestSimple_velo_5b-768x630.jpg 768w, https:\/\/www.ce-illkirch.fr\/wordpress\/wp-content\/uploads\/2022\/08\/sempe_RienNestSimple_velo_5b-110x90.jpg 110w, https:\/\/www.ce-illkirch.fr\/wordpress\/wp-content\/uploads\/2022\/08\/sempe_RienNestSimple_velo_5b-420x344.jpg 420w, https:\/\/www.ce-illkirch.fr\/wordpress\/wp-content\/uploads\/2022\/08\/sempe_RienNestSimple_velo_5b-524x430.jpg 524w, https:\/\/www.ce-illkirch.fr\/wordpress\/wp-content\/uploads\/2022\/08\/sempe_RienNestSimple_velo_5b.jpg 940w\" sizes=\"auto, (max-width: 300px) 100vw, 300px\" \/><\/p>\n<p>&nbsp;<\/p>\n","protected":false},"excerpt":{"rendered":"<p>Jean-Jacques Semp\u00e9 est d\u00e9c\u00e9d\u00e9 ce jeudi \u00e0 l&rsquo;\u00e2ge de 89 ans. Il nous laisse une \u0153uvre immense, un regard toujours tendre mais tellement dou\u00e9 pour d\u00e9crire le quotidien, sans texte&#8230; [&hellip;]<\/p>\n","protected":false},"author":7,"featured_media":30948,"comment_status":"closed","ping_status":"open","sticky":false,"template":"","format":"standard","meta":{"footnotes":""},"categories":[5,39],"tags":[],"class_list":["post-30933","post","type-post","status-publish","format-standard","has-post-thumbnail","hentry","category-bibliotheque","category-transport"],"publishpress_future_action":{"enabled":false,"date":"2026-05-07 06:07:53","action":"category","newStatus":"draft","terms":[],"taxonomy":"category","extraData":[]},"publishpress_future_workflow_manual_trigger":{"enabledWorkflows":[]},"_links":{"self":[{"href":"https:\/\/www.ce-illkirch.fr\/wordpress\/wp-json\/wp\/v2\/posts\/30933","targetHints":{"allow":["GET"]}}],"collection":[{"href":"https:\/\/www.ce-illkirch.fr\/wordpress\/wp-json\/wp\/v2\/posts"}],"about":[{"href":"https:\/\/www.ce-illkirch.fr\/wordpress\/wp-json\/wp\/v2\/types\/post"}],"author":[{"embeddable":true,"href":"https:\/\/www.ce-illkirch.fr\/wordpress\/wp-json\/wp\/v2\/users\/7"}],"replies":[{"embeddable":true,"href":"https:\/\/www.ce-illkirch.fr\/wordpress\/wp-json\/wp\/v2\/comments?post=30933"}],"version-history":[{"count":2,"href":"https:\/\/www.ce-illkirch.fr\/wordpress\/wp-json\/wp\/v2\/posts\/30933\/revisions"}],"predecessor-version":[{"id":30940,"href":"https:\/\/www.ce-illkirch.fr\/wordpress\/wp-json\/wp\/v2\/posts\/30933\/revisions\/30940"}],"wp:featuredmedia":[{"embeddable":true,"href":"https:\/\/www.ce-illkirch.fr\/wordpress\/wp-json\/wp\/v2\/media\/30948"}],"wp:attachment":[{"href":"https:\/\/www.ce-illkirch.fr\/wordpress\/wp-json\/wp\/v2\/media?parent=30933"}],"wp:term":[{"taxonomy":"category","embeddable":true,"href":"https:\/\/www.ce-illkirch.fr\/wordpress\/wp-json\/wp\/v2\/categories?post=30933"},{"taxonomy":"post_tag","embeddable":true,"href":"https:\/\/www.ce-illkirch.fr\/wordpress\/wp-json\/wp\/v2\/tags?post=30933"}],"curies":[{"name":"wp","href":"https:\/\/api.w.org\/{rel}","templated":true}]}}