{"id":31128,"date":"2022-09-15T12:12:27","date_gmt":"2022-09-15T10:12:27","guid":{"rendered":"https:\/\/www.ce-illkirch.fr\/wordpress\/?p=31128"},"modified":"2022-10-21T16:58:29","modified_gmt":"2022-10-21T14:58:29","slug":"sport-alex-trentesaux-a-lutmb","status":"publish","type":"post","link":"https:\/\/www.ce-illkirch.fr\/wordpress\/2022\/09\/non-classe\/sport-alex-trentesaux-a-lutmb\/","title":{"rendered":"Sport : Alex Trentesaux \u00e0 l&rsquo;UTMB"},"content":{"rendered":"<p><img loading=\"lazy\" decoding=\"async\" class=\"size-medium wp-image-31132 alignleft\" src=\"https:\/\/www.ce-illkirch.fr\/wordpress\/wp-content\/uploads\/2022\/09\/utmb-300x47.png\" alt=\"\" width=\"300\" height=\"47\" srcset=\"https:\/\/www.ce-illkirch.fr\/wordpress\/wp-content\/uploads\/2022\/09\/utmb-300x47.png 300w, https:\/\/www.ce-illkirch.fr\/wordpress\/wp-content\/uploads\/2022\/09\/utmb-1024x160.png 1024w, https:\/\/www.ce-illkirch.fr\/wordpress\/wp-content\/uploads\/2022\/09\/utmb-768x120.png 768w, https:\/\/www.ce-illkirch.fr\/wordpress\/wp-content\/uploads\/2022\/09\/utmb-1536x241.png 1536w, https:\/\/www.ce-illkirch.fr\/wordpress\/wp-content\/uploads\/2022\/09\/utmb-2048x321.png 2048w, https:\/\/www.ce-illkirch.fr\/wordpress\/wp-content\/uploads\/2022\/09\/utmb-110x17.png 110w, https:\/\/www.ce-illkirch.fr\/wordpress\/wp-content\/uploads\/2022\/09\/utmb-420x66.png 420w, https:\/\/www.ce-illkirch.fr\/wordpress\/wp-content\/uploads\/2022\/09\/utmb-770x121.png 770w\" sizes=\"auto, (max-width: 300px) 100vw, 300px\" \/>Alex nous dit tout sur son exp\u00e9rience durant l&rsquo;Ultra Trail du Mont Blanc lors d&rsquo;une <a href=\"https:\/\/web.microsoftstream.com\/video\/4c008d62-7a1b-4a79-8bda-401ca71f2767\">Interview<\/a>\u00a0 exclusive d&rsquo;Asali. \u00ab\u00a0Exploit\u00a0\u00bb pour les uns, \u00ab\u00a0folie\u00a0\u00bb pour les autres, l&rsquo;occasion de plonger au coeur de ce type de d\u00e9fis pour tenter de comprendre les motivations, la pr\u00e9paration et saisir l&rsquo;\u00e9motion de cet \u00e9v\u00e8nement particulier. A voir ici sur la Cha\u00eene video sur Microsoft Streams <a href=\"https:\/\/web.microsoftstream.com\/video\/4c008d62-7a1b-4a79-8bda-401ca71f2767\">https:\/\/web.microsoftstream.com\/video\/4c008d62-7a1b-4a79-8bda-401ca71f2767<\/a><\/p>\n<p>&nbsp;<\/p>\n<p><img loading=\"lazy\" decoding=\"async\" class=\"alignnone size-medium wp-image-31133\" src=\"https:\/\/www.ce-illkirch.fr\/wordpress\/wp-content\/uploads\/2022\/09\/UTMB-2022-V2-300x212.jpg\" alt=\"\" width=\"300\" height=\"212\" srcset=\"https:\/\/www.ce-illkirch.fr\/wordpress\/wp-content\/uploads\/2022\/09\/UTMB-2022-V2-300x212.jpg 300w, https:\/\/www.ce-illkirch.fr\/wordpress\/wp-content\/uploads\/2022\/09\/UTMB-2022-V2-1024x724.jpg 1024w, https:\/\/www.ce-illkirch.fr\/wordpress\/wp-content\/uploads\/2022\/09\/UTMB-2022-V2-768x543.jpg 768w, https:\/\/www.ce-illkirch.fr\/wordpress\/wp-content\/uploads\/2022\/09\/UTMB-2022-V2-1536x1086.jpg 1536w, https:\/\/www.ce-illkirch.fr\/wordpress\/wp-content\/uploads\/2022\/09\/UTMB-2022-V2-2048x1448.jpg 2048w, https:\/\/www.ce-illkirch.fr\/wordpress\/wp-content\/uploads\/2022\/09\/UTMB-2022-V2-110x78.jpg 110w, https:\/\/www.ce-illkirch.fr\/wordpress\/wp-content\/uploads\/2022\/09\/UTMB-2022-V2-420x297.jpg 420w, https:\/\/www.ce-illkirch.fr\/wordpress\/wp-content\/uploads\/2022\/09\/UTMB-2022-V2-608x430.jpg 608w\" sizes=\"auto, (max-width: 300px) 100vw, 300px\" \/>\u00a0 <img loading=\"lazy\" decoding=\"async\" class=\"alignnone size-medium wp-image-31130\" src=\"https:\/\/www.ce-illkirch.fr\/wordpress\/wp-content\/uploads\/2022\/09\/59785380-300x200.jpg\" alt=\"\" width=\"300\" height=\"200\" srcset=\"https:\/\/www.ce-illkirch.fr\/wordpress\/wp-content\/uploads\/2022\/09\/59785380-300x200.jpg 300w, https:\/\/www.ce-illkirch.fr\/wordpress\/wp-content\/uploads\/2022\/09\/59785380-1024x683.jpg 1024w, https:\/\/www.ce-illkirch.fr\/wordpress\/wp-content\/uploads\/2022\/09\/59785380-768x512.jpg 768w, https:\/\/www.ce-illkirch.fr\/wordpress\/wp-content\/uploads\/2022\/09\/59785380-1536x1024.jpg 1536w, https:\/\/www.ce-illkirch.fr\/wordpress\/wp-content\/uploads\/2022\/09\/59785380-2048x1365.jpg 2048w, https:\/\/www.ce-illkirch.fr\/wordpress\/wp-content\/uploads\/2022\/09\/59785380-110x73.jpg 110w, https:\/\/www.ce-illkirch.fr\/wordpress\/wp-content\/uploads\/2022\/09\/59785380-420x280.jpg 420w, https:\/\/www.ce-illkirch.fr\/wordpress\/wp-content\/uploads\/2022\/09\/59785380-645x430.jpg 645w\" sizes=\"auto, (max-width: 300px) 100vw, 300px\" \/><\/p>\n","protected":false},"excerpt":{"rendered":"<p>Alex nous dit tout sur son exp\u00e9rience durant l&rsquo;Ultra Trail du Mont Blanc lors d&rsquo;une Interview\u00a0 exclusive d&rsquo;Asali. \u00ab\u00a0Exploit\u00a0\u00bb pour les uns, \u00ab\u00a0folie\u00a0\u00bb pour les autres, l&rsquo;occasion de plonger au [&hellip;]<\/p>\n","protected":false},"author":2,"featured_media":31131,"comment_status":"closed","ping_status":"open","sticky":false,"template":"","format":"standard","meta":{"footnotes":""},"categories":[45,1,29],"tags":[],"class_list":["post-31128","post","type-post","status-publish","format-standard","has-post-thumbnail","hentry","category-athle","category-non-classe","category-scabsi"],"publishpress_future_action":{"enabled":false,"date":"2026-05-07 03:31:14","action":"category","newStatus":"draft","terms":[],"taxonomy":"category","extraData":[]},"publishpress_future_workflow_manual_trigger":{"enabledWorkflows":[]},"_links":{"self":[{"href":"https:\/\/www.ce-illkirch.fr\/wordpress\/wp-json\/wp\/v2\/posts\/31128","targetHints":{"allow":["GET"]}}],"collection":[{"href":"https:\/\/www.ce-illkirch.fr\/wordpress\/wp-json\/wp\/v2\/posts"}],"about":[{"href":"https:\/\/www.ce-illkirch.fr\/wordpress\/wp-json\/wp\/v2\/types\/post"}],"author":[{"embeddable":true,"href":"https:\/\/www.ce-illkirch.fr\/wordpress\/wp-json\/wp\/v2\/users\/2"}],"replies":[{"embeddable":true,"href":"https:\/\/www.ce-illkirch.fr\/wordpress\/wp-json\/wp\/v2\/comments?post=31128"}],"version-history":[{"count":4,"href":"https:\/\/www.ce-illkirch.fr\/wordpress\/wp-json\/wp\/v2\/posts\/31128\/revisions"}],"predecessor-version":[{"id":31136,"href":"https:\/\/www.ce-illkirch.fr\/wordpress\/wp-json\/wp\/v2\/posts\/31128\/revisions\/31136"}],"wp:featuredmedia":[{"embeddable":true,"href":"https:\/\/www.ce-illkirch.fr\/wordpress\/wp-json\/wp\/v2\/media\/31131"}],"wp:attachment":[{"href":"https:\/\/www.ce-illkirch.fr\/wordpress\/wp-json\/wp\/v2\/media?parent=31128"}],"wp:term":[{"taxonomy":"category","embeddable":true,"href":"https:\/\/www.ce-illkirch.fr\/wordpress\/wp-json\/wp\/v2\/categories?post=31128"},{"taxonomy":"post_tag","embeddable":true,"href":"https:\/\/www.ce-illkirch.fr\/wordpress\/wp-json\/wp\/v2\/tags?post=31128"}],"curies":[{"name":"wp","href":"https:\/\/api.w.org\/{rel}","templated":true}]}}