{"id":31277,"date":"2025-10-22T15:58:48","date_gmt":"2025-10-22T13:58:48","guid":{"rendered":"https:\/\/www.ce-illkirch.fr\/wordpress\/?p=31277"},"modified":"2025-11-03T11:18:07","modified_gmt":"2025-11-03T10:18:07","slug":"la-strasbourgeoise-octobre-rose","status":"publish","type":"post","link":"https:\/\/www.ce-illkirch.fr\/wordpress\/2025\/10\/scabsi\/la-strasbourgeoise-octobre-rose\/","title":{"rendered":"Soir\u00e9e pr\u00e9vention au Parc d&rsquo;Innovation 30\/10"},"content":{"rendered":"<h3>Soir\u00e9e pr\u00e9vention : le 30\/10 \u00e0 l&rsquo;IGBMC de 17h \u00e0 20h avec l&rsquo;association SEVE Seins et Vie<\/h3>\n<p><a href=\"https:\/\/www.igbmc.fr\/igbmc\/article\/soiree-speciale-prevention-du-cancer-du-sein-jeudi-30-octobre\">https:\/\/www.igbmc.fr\/igbmc\/article\/soiree-speciale-prevention-du-cancer-du-sein-jeudi-30-octobre<\/a><\/p>\n<h3>Merci R\u00e9mi pour les photos et montage!<\/h3>\n<p><img loading=\"lazy\" decoding=\"async\" class=\"size-medium wp-image-38135 alignleft\" src=\"https:\/\/www.ce-illkirch.fr\/wordpress\/wp-content\/uploads\/2025\/09\/2025-10-05-La-Strasbourgeoise-300x208.jpg\" alt=\"\" width=\"300\" height=\"208\" srcset=\"https:\/\/www.ce-illkirch.fr\/wordpress\/wp-content\/uploads\/2025\/09\/2025-10-05-La-Strasbourgeoise-300x208.jpg 300w, https:\/\/www.ce-illkirch.fr\/wordpress\/wp-content\/uploads\/2025\/09\/2025-10-05-La-Strasbourgeoise-1024x708.jpg 1024w, https:\/\/www.ce-illkirch.fr\/wordpress\/wp-content\/uploads\/2025\/09\/2025-10-05-La-Strasbourgeoise-768x531.jpg 768w, https:\/\/www.ce-illkirch.fr\/wordpress\/wp-content\/uploads\/2025\/09\/2025-10-05-La-Strasbourgeoise-1536x1063.jpg 1536w, https:\/\/www.ce-illkirch.fr\/wordpress\/wp-content\/uploads\/2025\/09\/2025-10-05-La-Strasbourgeoise-scaled.jpg 2048w, https:\/\/www.ce-illkirch.fr\/wordpress\/wp-content\/uploads\/2025\/09\/2025-10-05-La-Strasbourgeoise-110x76.jpg 110w, https:\/\/www.ce-illkirch.fr\/wordpress\/wp-content\/uploads\/2025\/09\/2025-10-05-La-Strasbourgeoise-420x291.jpg 420w, https:\/\/www.ce-illkirch.fr\/wordpress\/wp-content\/uploads\/2025\/09\/2025-10-05-La-Strasbourgeoise-621x430.jpg 621w\" sizes=\"auto, (max-width: 300px) 100vw, 300px\" \/><strong>Il vous est recommand\u00e9 de faire examiner vos seins (observation et palpation) une fois par an \u00e0 partir de 25 ans par votre m\u00e9decin g\u00e9n\u00e9raliste, votre gyn\u00e9cologue ou votre sage-femme. <\/strong>Cet examen rapide et indolore permet de d\u00e9tecter une \u00e9ventuelle anomalie. <a href=\"https:\/\/depistagecancer-ge.fr\/depistage-du-cancer-du-sein\/comprendre-cancer-sein\/\">Icans<\/a><\/p>\n","protected":false},"excerpt":{"rendered":"<p>Soir\u00e9e pr\u00e9vention : le 30\/10 \u00e0 l&rsquo;IGBMC de 17h \u00e0 20h avec l&rsquo;association SEVE Seins et Vie https:\/\/www.igbmc.fr\/igbmc\/article\/soiree-speciale-prevention-du-cancer-du-sein-jeudi-30-octobre Merci R\u00e9mi pour les photos et montage! Il vous est recommand\u00e9 de [&hellip;]<\/p>\n","protected":false},"author":2,"featured_media":38135,"comment_status":"closed","ping_status":"open","sticky":false,"template":"","format":"standard","meta":{"footnotes":""},"categories":[45,29],"tags":[],"class_list":["post-31277","post","type-post","status-publish","format-standard","has-post-thumbnail","hentry","category-athle","category-scabsi"],"publishpress_future_action":{"enabled":false,"date":"2026-05-07 00:20:00","action":"category","newStatus":"draft","terms":[],"taxonomy":"category","extraData":[]},"publishpress_future_workflow_manual_trigger":{"enabledWorkflows":[]},"_links":{"self":[{"href":"https:\/\/www.ce-illkirch.fr\/wordpress\/wp-json\/wp\/v2\/posts\/31277","targetHints":{"allow":["GET"]}}],"collection":[{"href":"https:\/\/www.ce-illkirch.fr\/wordpress\/wp-json\/wp\/v2\/posts"}],"about":[{"href":"https:\/\/www.ce-illkirch.fr\/wordpress\/wp-json\/wp\/v2\/types\/post"}],"author":[{"embeddable":true,"href":"https:\/\/www.ce-illkirch.fr\/wordpress\/wp-json\/wp\/v2\/users\/2"}],"replies":[{"embeddable":true,"href":"https:\/\/www.ce-illkirch.fr\/wordpress\/wp-json\/wp\/v2\/comments?post=31277"}],"version-history":[{"count":24,"href":"https:\/\/www.ce-illkirch.fr\/wordpress\/wp-json\/wp\/v2\/posts\/31277\/revisions"}],"predecessor-version":[{"id":38257,"href":"https:\/\/www.ce-illkirch.fr\/wordpress\/wp-json\/wp\/v2\/posts\/31277\/revisions\/38257"}],"wp:featuredmedia":[{"embeddable":true,"href":"https:\/\/www.ce-illkirch.fr\/wordpress\/wp-json\/wp\/v2\/media\/38135"}],"wp:attachment":[{"href":"https:\/\/www.ce-illkirch.fr\/wordpress\/wp-json\/wp\/v2\/media?parent=31277"}],"wp:term":[{"taxonomy":"category","embeddable":true,"href":"https:\/\/www.ce-illkirch.fr\/wordpress\/wp-json\/wp\/v2\/categories?post=31277"},{"taxonomy":"post_tag","embeddable":true,"href":"https:\/\/www.ce-illkirch.fr\/wordpress\/wp-json\/wp\/v2\/tags?post=31277"}],"curies":[{"name":"wp","href":"https:\/\/api.w.org\/{rel}","templated":true}]}}